{"id":107242,"date":"2026-02-13T10:39:09","date_gmt":"2026-02-13T10:39:09","guid":{"rendered":"https:\/\/www.europesays.com\/ee\/107242\/"},"modified":"2026-02-13T10:39:09","modified_gmt":"2026-02-13T10:39:09","slug":"kairet-remmak-grassmann-tallinna-eelarve-keskmes-on-laste-heaolu-arvamus","status":"publish","type":"post","link":"https:\/\/www.europesays.com\/ee\/107242\/","title":{"rendered":"Kairet Remmak-Grassmann: Tallinna eelarve keskmes on laste heaolu | Arvamus"},"content":{"rendered":"<p>Sotsiaaldemokraadid on asunud Tallinna linna eelarvet ja juhtimist aktiivselt kritiseerima, see on muidugi opositsiooni t\u00f6\u00f6, kuid tuleb arvestada, et p\u00e4rast sotside juhitud linnavalitsuse m\u00f6\u00f6dalaskmisi on praegune eelarve parim realistlik lahendus.<\/p>\n<p>Tallinna linnavolikogus kinnitatud eelarve maht on 1,32 miljardit eurot ja sellest suurim osa l\u00e4heb just haridusse. See on linnavalitsuse teadlik valik suunata raha just sinna, kus see m\u00f5jutab otseselt laste ja perede igap\u00e4evaelu. Tallinna linnav\u00f5imu selge eesm\u00e4rk on pakkuda mitmek\u00fclgset, kvaliteetset ja n\u00fc\u00fcdisaegset haridust k\u00f5ikides pealinna munitsipaalkoolides.<\/p>\n<p>Ei saa kuidagi n\u00f5ustuda <a href=\"https:\/\/www.err.ee\/1609936910\/madle-lippus-tallinna-eelarve-ja-lagunevad-lasteaiad\" target=\"_blank\" rel=\"noopener nofollow\">sotsiaaldemokraadist endise abilinnapea Madle Lippusega<\/a>, kelle s\u00f5nul k\u00e4ivitati sotside juhitud linnavalitsuse ajal nn ambitsioonikas plaan kooli- ja lasteaiakohtade puuduse leevendamiseks. Tasub meenutada, milliseid otsuseid sotside juhtimisel tegelikult tehti v\u00f5i tegemata j\u00e4eti.<\/p>\n<p>Mitmed haridusvaldkonna vajalikud projektid venisid v\u00f5i on p\u00e4evakorrast maas just endise abilinnapea Lippuse tegevusetuse t\u00f5ttu. N\u00e4iteks on renoveerimata P\u00e4ikesej\u00e4nku lasteaed, sest vastutava abilinnapeana ei olnud ta lahendustele orienteeritud ja seet\u00f5ttu menetletakse detailplaneeringut siiani. Seejuures pidi lasteaed minema remonti juba aasta tagasi.<\/p>\n<p>Sama oli ka \u00f5petajate palgat\u00f5usu ja uute koolide rahaliste vahenditega. Sotsiaaldemokraatide juhitud linnavalitsus vaid deklareeris, et midagi tehakse, aga reaalsest \u00f5petajate palgat\u00f5usu ei olnud tagatud ja uute koolide tegevuskuludeks rahalisi vahendeid ei eraldatud.<\/p>\n<p>Ebam\u00f5istlikud otsused ja maksumaksja raha raiskamine<\/p>\n<p>Sotside eestvedamisel osteti erakoolile Avatud Kool \u00fcle kolme miljoni euro eest hoone, mis on amortiseerunud ja vajab n\u00fc\u00fcd v\u00e4hemalt k\u00fcmne miljoni euro suurust investeeringut lisaks, et hoone renoveerida. Samal ajal olid aga tegelikult Avatud Koolile ette n\u00e4htud ruumid Karjamaa 18 hoones, mis renoveeriti just selle kooli vajadusi arvestades. Varasema plaani j\u00e4rgi pidanuks seal lisaks 400-le Avatud Kooli \u00f5pilasele \u00f5ppima veel kuni 270 last.<\/p>\n<p>P\u00e4rast sotside juhitud linnavalitsuse poliitilist otsust tegutseb aga Karjamaa 18 hoones P\u00f5hjat\u00e4he p\u00f5hikool, kus \u00f5pib vaid 16 \u00f5pilast ja t\u00f6\u00f6tab seejuures 11 \u00f5petajat. Kogu selle koolihoone renoveerimine l\u00e4ks linnale maksma 14 miljonit eurot. Munitsipaliseeritud Avatud Kool asub hoones, mis n\u00f5uab linnalt n\u00fc\u00fcd suuri lisainvesteeringuid lisaks. Selline tulemus n\u00e4itab selgelt l\u00e4bim\u00f5tlematut tegutsemist ning kellegi teise huvide seadmist linna vajadustest ja huvidest ettepoole.<\/p>\n<p>&#8220;Tulemuseks on, et linnal ei ole lasteaeda ega ka ligi miljonit eurot, mis tuli maksta ehitajale ennet\u00e4htaegse lepingu l\u00f5petamise eest.&#8221;<\/p>\n<p>Ei saa meenutamata j\u00e4tta ka Mustj\u00f5e lasteaia juhtumit, kui sotside eestvedamisel p\u00fc\u00fcti kiirustades rajada lasteaeda, eirates seejuures riske, et maapind vana pr\u00fcgim\u00e4e asukohal v\u00f5ib olla reostunud. Sellest hoolimata s\u00f5lmiti ehitajaga leping. Tulemuseks on, et linnal ei ole lasteaeda ega ka ligi miljonit eurot, mis tuli maksta ehitajale ennet\u00e4htaegse lepingu l\u00f5petamise eest. See kahju oli tegelikult v\u00e4lditav, kui otsused oleks tehtud varasemalt l\u00e4biviidud uuringutest l\u00e4htuvalt ja fakte arvestades.<\/p>\n<p>On ilmselge, et see k\u00f5ik on olnud sotside poolt pigem arulage maksumaksja raha raiskamine kui t\u00f5siseltv\u00f5etav plaan kooli- ja lasteaiakohtade leevendamiseks. Lisaks planeeriti sotside juhtimisel Piritale Lepiku asumisse lasteaeda, kuid tegelikult puudus planeerijatel igasugune n\u00e4gemus, kuidas olemasolevasse infrastruktuuri on v\u00f5imalik sellist liikumist juurde planeerida, mis kaasneb \u00fche lastaiaga.<\/p>\n<p>T\u00e4htis on ka sisu, mitte ainult betoon<\/p>\n<p>2026. aastal on pealinna eelarve keskmes mitmete toetuste suurenemine ning eestikeelsele \u00f5ppele \u00fclemineku j\u00e4tkamine. Tegevuskuludest on eelarves suurima osakaaluga just haridusvaldkonna kulud, mis moodustavad p\u00fcsikulude kogumahust 42 protsenti.<\/p>\n<p>Investeerimistegevuseks on 2026. aasta eelarve eeln\u00f5us ette n\u00e4htud 195,6 miljonit eurot ja ka investeeringutest on valdkondlikult suurima osakaaluga just haridus, mis moodustab 45,7 protsenti. Haridusvaldkonna tegevuskuludeks on kavandatud kokku 464,4 miljonit eurot.<\/p>\n<p>Tallinna eesm\u00e4rk on tagada k\u00f5igile lastele, olenemata nende emakeelest, v\u00f5imalus omandada kvaliteetne eestikeelne haridus. T\u00e4ielikuks \u00fcleminekuks eestikeelsele haridusele on Tallinn riikliku tegevuskava k\u00f5rval kavandanud mitmed t\u00e4iendavad meetmed. Need h\u00f5lmavad juhtide ja \u00f5petajate toetamist \u00fclemineku elluviimisel ja seaduses n\u00f5utud kvalifikatsiooni saavutamisel. T\u00e4iendavalt toetatakse ka \u00fcleminekuklasse.<\/p>\n<p>Eestikeelsele \u00f5ppele \u00fcleminekuks on linnaeelarves kokku kavandatud 10,2 miljonit eurot. Alates 1. septembrist 2026 t\u00f5useb ka koolil\u00f5una maksumus, sest paljudele lastele on koolitoit p\u00e4eva ainus soe toidukord ning vahepealsed hinna- ja maksut\u00f5usud on senise toiduraha v\u00e4\u00e4rtust m\u00e4rgatavalt v\u00e4hendanud. Lisaks riigi toetusele eraldatakse koolil\u00f5una kulude katteks pealinna eelarvest t\u00e4iendavalt 6,3 miljonit eurot.<\/p>\n<p>2026. aastal j\u00e4tkub N\u00f5mme p\u00f5hikooli, Kalamaja p\u00f5hikooli ja Lasnam\u00e4ele rajatava uue p\u00f5hikooli projekteerimine. Alustatakse Heleni kooli uue hoone ehitust ning j\u00e4tkatakse Jakob Westholmi g\u00fcmnaasiumi juurdeehitust ning huvikeskuse Kullo uue hoone ehitust. Valmivad reaalkooli ning Hiiu kooli hoone renoveerimine ja juurdeehitus.<\/p>\n<p>Koolieelsete lasteasutuste remontt\u00f6\u00f6deks ja soetusteks kavandatakse kokku 29,8 miljonit eurot. Renoveerimist\u00f6id tehakse mitmes lasteaias. 2026. aastal valmivad Loitsu lasteaed ja lasteaed Kikas. J\u00e4tkuvad Lepatriinu lasteaia, Liikuri lasteaia ja lasteaia P\u00e4ikene ehitust\u00f6\u00f6d, mille valmimine on kavandatud 2026. aasta l\u00f5puks ja 2027. aasta alguseks. Alustatakse Sitsi Manufaktuuri kvartalisse rajatava uue Manufaktuuri lasteaia ehitust\u00f6\u00f6dega ning Muhu lasteaia, Pallasti lasteaia, lasteaed P\u00e4\u00e4supesa ja lasteaed Kaseke projekteerimistega.<\/p>\n<p>Linna raha tuleb kasutada l\u00e4bim\u00f5eldult ja sihip\u00e4raselt<\/p>\n<p>Sotsiaaldemokraatide prioriteete n\u00e4itas tegelikult selgelt ka kampaania &#8220;Igale lapsele puu&#8221;, mille maksumus k\u00fc\u00fcndis miljonitesse eurodesse ning mille eest oleks saanud sisuliselt valmis ehitada pool uuest lasteaiahoonest. Selle asemel aga kulutati suuri summasid s\u00fcmboolsele projektile, j\u00e4ttes seejuures olulised haridusinvesteeringud tahaplaanile.<\/p>\n<p>Tallinna linnavalitsus on pannud selgelt r\u00f5hu hariduse kvaliteedile, laste ja noorte arengule ning perede toimetuleku toetamisele. Sotside tehtud varasemad otsused on aga toonud linnale rahalist kahju ning n\u00e4idanud, kui oluline on planeerimine. T\u00e4navuse eelarve eesm\u00e4rk on tagada, et investeeringud vastaksid tegelikele vajadustele ning linnarahva raha kasutataks l\u00e4bim\u00f5eldult ja sihip\u00e4raselt.<\/p>\n","protected":false},"excerpt":{"rendered":"Sotsiaaldemokraadid on asunud Tallinna linna eelarvet ja juhtimist aktiivselt kritiseerima, see on muidugi opositsiooni t\u00f6\u00f6, kuid tuleb arvestada,&hellip;\n","protected":false},"author":2,"featured_media":107243,"comment_status":"","ping_status":"","sticky":false,"template":"","format":"standard","meta":{"footnotes":"","_share_on_mastodon":"0"},"categories":[12],"tags":[26,27,37,33,35,12552,34,36,31,32,21,51142,819,8076,3704,2375,28,29,5078,19,25,1801,2130,40522,39732,854,26585,23,24,22,20,30],"class_list":["post-107242","post","type-post","status-publish","format-standard","has-post-thumbnail","category-eesti","tag-breaking-news","tag-breakingnews","tag-ee","tag-eesti","tag-eesti-keel","tag-eestikeelne-haridus","tag-estonia","tag-estonian","tag-featured-news","tag-featurednews","tag-headlines","tag-kairet-remmak-grassmann","tag-keskerakond","tag-koolitoit","tag-lapsed","tag-lasteaiad","tag-latest-news","tag-latestnews","tag-madle-lippus","tag-news","tag-populaarseimad-lood","tag-sde","tag-tallinn","tag-tallinna-eelarve","tag-tallinna-eelarve-2026","tag-tallinna-linnavalitsus","tag-tallinna-volikogu","tag-top-stories","tag-topstories","tag-uldised-uudised","tag-uudised","tag-viimased-uudised"],"share_on_mastodon":{"url":"","error":"Validation failed: Text character limit of 500 exceeded"},"_links":{"self":[{"href":"https:\/\/www.europesays.com\/ee\/wp-json\/wp\/v2\/posts\/107242","targetHints":{"allow":["GET"]}}],"collection":[{"href":"https:\/\/www.europesays.com\/ee\/wp-json\/wp\/v2\/posts"}],"about":[{"href":"https:\/\/www.europesays.com\/ee\/wp-json\/wp\/v2\/types\/post"}],"author":[{"embeddable":true,"href":"https:\/\/www.europesays.com\/ee\/wp-json\/wp\/v2\/users\/2"}],"replies":[{"embeddable":true,"href":"https:\/\/www.europesays.com\/ee\/wp-json\/wp\/v2\/comments?post=107242"}],"version-history":[{"count":0,"href":"https:\/\/www.europesays.com\/ee\/wp-json\/wp\/v2\/posts\/107242\/revisions"}],"wp:featuredmedia":[{"embeddable":true,"href":"https:\/\/www.europesays.com\/ee\/wp-json\/wp\/v2\/media\/107243"}],"wp:attachment":[{"href":"https:\/\/www.europesays.com\/ee\/wp-json\/wp\/v2\/media?parent=107242"}],"wp:term":[{"taxonomy":"category","embeddable":true,"href":"https:\/\/www.europesays.com\/ee\/wp-json\/wp\/v2\/categories?post=107242"},{"taxonomy":"post_tag","embeddable":true,"href":"https:\/\/www.europesays.com\/ee\/wp-json\/wp\/v2\/tags?post=107242"}],"curies":[{"name":"wp","href":"https:\/\/api.w.org\/{rel}","templated":true}]}}