{"id":107293,"date":"2026-02-13T11:34:27","date_gmt":"2026-02-13T11:34:27","guid":{"rendered":"https:\/\/www.europesays.com\/ee\/107293\/"},"modified":"2026-02-13T11:34:27","modified_gmt":"2026-02-13T11:34:27","slug":"kanada-koolitulistamise-kahtlusalune-on-18-aastane-tudruk-vaimse-tervise-probleemidega","status":"publish","type":"post","link":"https:\/\/www.europesays.com\/ee\/107293\/","title":{"rendered":"Kanada koolitulistamise kahtlusalune on 18-aastane t\u00fcdruk vaimse tervise probleemidega"},"content":{"rendered":"<p>Politsei teatas, et Van Rootselaar leiti p\u00e4rast koolitulistamist ilmselt enese tekitatud vigastusega korterist surnuna, vahendab Associated Press.<\/p>\n<p>Kanada kuningliku ratsapolitsei asejuht Dwayne McDonald \u00fctles, et Van Rootselaar tappis k\u00f5igepealt kodus oma ema ja kasuvenna ning r\u00fcndas siis l\u00e4hedal asuvat kooli. McDonaldi s\u00f5nul oli Van Rootselaaril varem vaimse tervise p\u00e4rast politseiga kontakte.<\/p>\n<p>Politsei teatas alguses, et lisaks Van Rootselaarile hukkus \u00fcheksa inimest, aga McDonald t\u00e4psustas eile, et hukkunuid on kaheksa.<\/p>\n<p>Haavata sai \u00fcle 25 inimese.<\/p>\n<p>Tumbler Ridge on 2700 elanikuga linn Kanada Kaljum\u00e4estikus enam kui tuhat kilomeetrit <a rel=\"noopener nofollow\" target=\"_blank\" href=\"https:\/\/www.delfi.ee\/teema\/29189689\/vancouver\" tag-id=\"29189689\">Vancouverist<\/a> kirdes, <a rel=\"noopener nofollow\" target=\"_blank\" href=\"https:\/\/www.delfi.ee\/teema\/65247208\/alberta\" tag-id=\"65247208\">Alberta<\/a> provintsi piiri l\u00e4hedal.<\/p>\n<p>Politsei teatas, et ohvrite hulgas on 39-aastane \u00f5petaja ja viis \u00f5pilast vanuses 12-13.<\/p>\n<p>P\u00e4rast s\u00fcndmusi Van Rootselaari kodus l\u00e4ks noor perekonnaliige naabri juurde, kes kutsus politsei. Kodust leiti kahtlusaluse 39-aastase ema ja 11-aastase kasuvenna surnukehad.<\/p>\n<p>Koolis leiti \u00fcks ohver koridorist ja \u00fclej\u00e4\u00e4nud raamatukogust, teatas McDonald. Kahtlusalune polnud ohvritega koolis kuidagi seotud ja McDonald s\u00f5nul ei ole informatsiooni, et kedagi oleks spetsiaalselt sihikule v\u00f5etud.<\/p>\n<p>Politsei leidis p\u00fcssi ja \u00fcmberehitatud k\u00e4sirelva. Politseinikud saabusid kaks minutit p\u00e4rast esimest h\u00e4dak\u00f5net. Kui nad kohale j\u00f5udsid, tulistati ka nende suunas.<\/p>\n<p>Kuidas see lugu Sind end tundma pani? Saada <a href=\"https:\/\/www.delfi.ee\/artikkel\/120435649\/kanada-koolitulistamise-kahtlusalune-on-18-aastane-tudruk-vaimse-tervise-probleemidega\/kommentaarid\" class=\"article-body-bottom__comment article-body-bottom__comment--write button button--primary button--size-auto\" rel=\"nofollow noopener\" target=\"_blank\"> Kommenteeri <\/a><a href=\"https:\/\/www.delfi.ee\/artikkel\/120435649\/kanada-koolitulistamise-kahtlusalune-on-18-aastane-tudruk-vaimse-tervise-probleemidega\/kommentaarid\" class=\"article-body-bottom__comment article-body-bottom__comment--read button button--size-auto\" rel=\"nofollow noopener\" target=\"_blank\"> Loe kommentaare (67)<\/a><\/p>\n","protected":false},"excerpt":{"rendered":"Politsei teatas, et Van Rootselaar leiti p\u00e4rast koolitulistamist ilmselt enese tekitatud vigastusega korterist surnuna, vahendab Associated Press. Kanada&hellip;\n","protected":false},"author":2,"featured_media":107294,"comment_status":"","ping_status":"","sticky":false,"template":"","format":"standard","meta":{"footnotes":"","_share_on_mastodon":"0"},"categories":[80],"tags":[21457,26,27,22551,37,33,35,34,36,31,32,21,1554,28,29,95,19,25,23,24,22,20,27672,30,92,93,94],"class_list":["post-107293","post","type-post","status-publish","format-standard","has-post-thumbnail","category-maailm","tag-alberta","tag-breaking-news","tag-breakingnews","tag-briti-columbia","tag-ee","tag-eesti","tag-eesti-keel","tag-estonia","tag-estonian","tag-featured-news","tag-featurednews","tag-headlines","tag-kanada","tag-latest-news","tag-latestnews","tag-maailm","tag-news","tag-populaarseimad-lood","tag-top-stories","tag-topstories","tag-uldised-uudised","tag-uudised","tag-vancouver","tag-viimased-uudised","tag-world","tag-world-news","tag-worldnews"],"share_on_mastodon":{"url":"https:\/\/pubeurope.com\/@ee\/116063113343684015","error":""},"_links":{"self":[{"href":"https:\/\/www.europesays.com\/ee\/wp-json\/wp\/v2\/posts\/107293","targetHints":{"allow":["GET"]}}],"collection":[{"href":"https:\/\/www.europesays.com\/ee\/wp-json\/wp\/v2\/posts"}],"about":[{"href":"https:\/\/www.europesays.com\/ee\/wp-json\/wp\/v2\/types\/post"}],"author":[{"embeddable":true,"href":"https:\/\/www.europesays.com\/ee\/wp-json\/wp\/v2\/users\/2"}],"replies":[{"embeddable":true,"href":"https:\/\/www.europesays.com\/ee\/wp-json\/wp\/v2\/comments?post=107293"}],"version-history":[{"count":0,"href":"https:\/\/www.europesays.com\/ee\/wp-json\/wp\/v2\/posts\/107293\/revisions"}],"wp:featuredmedia":[{"embeddable":true,"href":"https:\/\/www.europesays.com\/ee\/wp-json\/wp\/v2\/media\/107294"}],"wp:attachment":[{"href":"https:\/\/www.europesays.com\/ee\/wp-json\/wp\/v2\/media?parent=107293"}],"wp:term":[{"taxonomy":"category","embeddable":true,"href":"https:\/\/www.europesays.com\/ee\/wp-json\/wp\/v2\/categories?post=107293"},{"taxonomy":"post_tag","embeddable":true,"href":"https:\/\/www.europesays.com\/ee\/wp-json\/wp\/v2\/tags?post=107293"}],"curies":[{"name":"wp","href":"https:\/\/api.w.org\/{rel}","templated":true}]}}