{"id":107306,"date":"2026-02-13T11:47:24","date_gmt":"2026-02-13T11:47:24","guid":{"rendered":"https:\/\/www.europesays.com\/ee\/107306\/"},"modified":"2026-02-13T11:47:24","modified_gmt":"2026-02-13T11:47:24","slug":"delfi-rootsis-m-sporti-pealik-jurgensonist-kui-tanavu-rally2-ga-hasti-soita-on-uue-aasta-pohisoitja-koha-osas-eelisseis","status":"publish","type":"post","link":"https:\/\/www.europesays.com\/ee\/107306\/","title":{"rendered":"DELFI ROOTSIS | M-Sporti pealik J\u00fcrgensonist: kui t\u00e4navu Rally2-ga h\u00e4sti s\u00f5ita, on uue aasta p\u00f5his\u00f5itja koha osas eelisseis"},"content":{"rendered":"<p>Nii Millener kui M-Sporti omanik Malcolm Wilson on varasemates intervjuudes r\u00e4\u00e4kinud, et n\u00e4evad J\u00fcrgensonis pikemaajalist perspektiivi. Eestlane s\u00f5nas ka ise eelmise aasta l\u00f5pus Delfile antud intervjuus, et selle aasta \u00fcks eesm\u00e4rke on j\u00e4rgmiseks hooajaks, mil sarjas hakkavad kehtima uued tehnilised regulatsioonid, tippklassis p\u00f5his\u00f5itja koht v\u00e4lja teenida. <\/p>\n<p>\u201eTa areneb iga ralliga, aga eks ta on algusest peale paistnud silma targa ja professionaalse l\u00e4henemisega. N\u00fc\u00fcd k\u00e4ib pisiasjade parandamine,\u201c hindas Millener eestlase senist k\u00e4ek\u00e4iku.<\/p>\n<p>Oled juba tellija?Logi sisse<\/p>\n<p><a href=\"https:\/\/sport.delfi.ee\/artikkel\/120435874\/delfi-rootsis-m-sporti-pealik-jurgensonist-kui-tanavu-rally2-ga-hasti-soita-on-uue-aasta-pohisoitja-koha-osas-eelisseis\/kommentaarid\" class=\"article-body-bottom__comment article-body-bottom__comment--write button button--primary button--size-auto\" rel=\"nofollow noopener\" target=\"_blank\"> Kommenteeri <\/a><a href=\"https:\/\/sport.delfi.ee\/artikkel\/120435874\/delfi-rootsis-m-sporti-pealik-jurgensonist-kui-tanavu-rally2-ga-hasti-soita-on-uue-aasta-pohisoitja-koha-osas-eelisseis\/kommentaarid\" class=\"article-body-bottom__comment article-body-bottom__comment--read button button--size-auto\" rel=\"nofollow noopener\" target=\"_blank\"> Loe kommentaare (2)<\/a><\/p>\n","protected":false},"excerpt":{"rendered":"Nii Millener kui M-Sporti omanik Malcolm Wilson on varasemates intervjuudes r\u00e4\u00e4kinud, et n\u00e4evad J\u00fcrgensonis pikemaajalist perspektiivi. Eestlane s\u00f5nas&hellip;\n","protected":false},"author":2,"featured_media":107307,"comment_status":"","ping_status":"","sticky":false,"template":"","format":"standard","meta":{"footnotes":"","_share_on_mastodon":"0"},"categories":[5],"tags":[26,27,37,33,35,34,36,31,32,21,28,29,9003,9017,10271,19,25,9004,3015,23,24,22,20,30],"class_list":["post-107306","post","type-post","status-publish","format-standard","has-post-thumbnail","category-uldised-uudised","tag-breaking-news","tag-breakingnews","tag-ee","tag-eesti","tag-eesti-keel","tag-estonia","tag-estonian","tag-featured-news","tag-featurednews","tag-headlines","tag-latest-news","tag-latestnews","tag-m-sport","tag-malcolm-wilson","tag-monte-carlo","tag-news","tag-populaarseimad-lood","tag-richard-millener","tag-romet-jurgenson","tag-top-stories","tag-topstories","tag-uldised-uudised","tag-uudised","tag-viimased-uudised"],"share_on_mastodon":{"url":"https:\/\/pubeurope.com\/@ee\/116063164348810324","error":""},"_links":{"self":[{"href":"https:\/\/www.europesays.com\/ee\/wp-json\/wp\/v2\/posts\/107306","targetHints":{"allow":["GET"]}}],"collection":[{"href":"https:\/\/www.europesays.com\/ee\/wp-json\/wp\/v2\/posts"}],"about":[{"href":"https:\/\/www.europesays.com\/ee\/wp-json\/wp\/v2\/types\/post"}],"author":[{"embeddable":true,"href":"https:\/\/www.europesays.com\/ee\/wp-json\/wp\/v2\/users\/2"}],"replies":[{"embeddable":true,"href":"https:\/\/www.europesays.com\/ee\/wp-json\/wp\/v2\/comments?post=107306"}],"version-history":[{"count":0,"href":"https:\/\/www.europesays.com\/ee\/wp-json\/wp\/v2\/posts\/107306\/revisions"}],"wp:featuredmedia":[{"embeddable":true,"href":"https:\/\/www.europesays.com\/ee\/wp-json\/wp\/v2\/media\/107307"}],"wp:attachment":[{"href":"https:\/\/www.europesays.com\/ee\/wp-json\/wp\/v2\/media?parent=107306"}],"wp:term":[{"taxonomy":"category","embeddable":true,"href":"https:\/\/www.europesays.com\/ee\/wp-json\/wp\/v2\/categories?post=107306"},{"taxonomy":"post_tag","embeddable":true,"href":"https:\/\/www.europesays.com\/ee\/wp-json\/wp\/v2\/tags?post=107306"}],"curies":[{"name":"wp","href":"https:\/\/api.w.org\/{rel}","templated":true}]}}