{"id":107318,"date":"2026-02-13T12:09:40","date_gmt":"2026-02-13T12:09:40","guid":{"rendered":"https:\/\/www.europesays.com\/ee\/107318\/"},"modified":"2026-02-13T12:09:40","modified_gmt":"2026-02-13T12:09:40","slug":"karlsson-jattis-anderssoni-taas-kullata-om2026","status":"publish","type":"post","link":"https:\/\/www.europesays.com\/ee\/107318\/","title":{"rendered":"Karlsson j\u00e4ttis Anderssoni taas kullata | OM2026"},"content":{"rendered":"<p>Milano Cortina taliol\u00fcmpiam\u00e4ngudel teenisid murdmaasuusatamise naiste 10 km eraldistardist vabatehnikas\u00f5idus kaksikv\u00f5idu rootslannad Frida Karlsson ja Ebba Andersson. Eesti naistest oli parim Keidy Kaasiku, kes sai 37. koha.<\/p>\n<p>Karlsson n\u00e4itas kohe distantsi algusest peale parimat minekut ning edestas Anderssoni fini\u0161is 46,4 sekundiga. Karlsson tuli Milano Cortinas teist korda ol\u00fcmpiav\u00f5itjaks, esimene kuldmedal riputati talle kaela laup\u00e4eval 10 + 10 km suusavahetusega s\u00f5idus, kus Andersson pidi samuti leppima h\u00f5bemedaliga.<\/p>\n<p>Pjedestaali madalaimale astmele j\u00f5udis ameeriklanna Jessie Diggins, kes kaotas v\u00f5itjale 49,7 sekundit. Talle j\u00e4rgnes Norra trio Astrid Oeyre Slind (+53,0), Heidi Weng (+56,9) ja Karoline Simpson-Larsen (+1.08,0).<\/p>\n<p>Keidy Kaasiku liikus kogu distantsi 30. koha piirimail ja saavutas l\u00f5puks 37. koha (+2.44,5). &#8220;T\u00e4na oli t\u00e4itsa okei s\u00f5it. Viimase ringi esimene pikk t\u00f5us sai v\u00f5ib-olla natukene saatuslikuks, sest seal tuli suur vahe sisse. Rada oli tegelikult t\u00e4itsa heas seisus. Kiire ja j\u00e4ine. Ei olnud puder nagu eile [Kristjan] Ilvese s\u00f5idus,&#8221; r\u00e4\u00e4kis ta v\u00f5istluse j\u00e4rel ERR-ile.<\/p>\n<p>Kaidy Kaasiku oli kaksik\u00f5est 23 sekundit aeglasem ja l\u00f5petas 43. positsioonil. Mariel Merlii Pulles sai 50. (+3.16,6) ja Teesi Tuul 62. koha (+3.49,1).<\/p>\n<p>Enne v\u00f5istlust:<\/p>\n<p>Kokku l\u00e4heb rajale 111 sportlast ning nende seas ka neli eestlannat: Keidy Kaasiku (stardinumber 2), Kaidy Kaasiku (10), Teesi Tuul (35) ja Mariel Merlii Pulles (45).<\/p>\n<p>Pekingi ol\u00fcmpial s\u00f5ideti 10 km distantsi klassikatehnikas. Kuldmedalile tuli tolles s\u00f5idus norralanna Therese Johaug, kelle j\u00e4rel teenisid kahvatumad medalid soomlannad Kerttu Niskanen ja Krista P\u00e4rm\u00e4koski. Johaug on t\u00e4naseks tippspordiga l\u00f5pparve teinud, kuid soomlannad on stardinimekirjas olemas.<\/p>\n","protected":false},"excerpt":{"rendered":"Milano Cortina taliol\u00fcmpiam\u00e4ngudel teenisid murdmaasuusatamise naiste 10 km eraldistardist vabatehnikas\u00f5idus kaksikv\u00f5idu rootslannad Frida Karlsson ja Ebba Andersson. Eesti&hellip;\n","protected":false},"author":2,"featured_media":107319,"comment_status":"","ping_status":"","sticky":false,"template":"","format":"standard","meta":{"footnotes":"","_share_on_mastodon":"0"},"categories":[5],"tags":[26,27,22621,37,33,35,34,36,31,32,8741,21,8570,28,29,3311,19,28525,25,23,24,22,20,30],"class_list":["post-107318","post","type-post","status-publish","format-standard","has-post-thumbnail","category-uldised-uudised","tag-breaking-news","tag-breakingnews","tag-ebba-andersson","tag-ee","tag-eesti","tag-eesti-keel","tag-estonia","tag-estonian","tag-featured-news","tag-featurednews","tag-frida-karlsson","tag-headlines","tag-keidy-kaasiku","tag-latest-news","tag-latestnews","tag-milano-cortina-taliolumpiamangud","tag-news","tag-om2026","tag-populaarseimad-lood","tag-top-stories","tag-topstories","tag-uldised-uudised","tag-uudised","tag-viimased-uudised"],"share_on_mastodon":{"url":"https:\/\/pubeurope.com\/@ee\/116063250845452295","error":""},"_links":{"self":[{"href":"https:\/\/www.europesays.com\/ee\/wp-json\/wp\/v2\/posts\/107318","targetHints":{"allow":["GET"]}}],"collection":[{"href":"https:\/\/www.europesays.com\/ee\/wp-json\/wp\/v2\/posts"}],"about":[{"href":"https:\/\/www.europesays.com\/ee\/wp-json\/wp\/v2\/types\/post"}],"author":[{"embeddable":true,"href":"https:\/\/www.europesays.com\/ee\/wp-json\/wp\/v2\/users\/2"}],"replies":[{"embeddable":true,"href":"https:\/\/www.europesays.com\/ee\/wp-json\/wp\/v2\/comments?post=107318"}],"version-history":[{"count":0,"href":"https:\/\/www.europesays.com\/ee\/wp-json\/wp\/v2\/posts\/107318\/revisions"}],"wp:featuredmedia":[{"embeddable":true,"href":"https:\/\/www.europesays.com\/ee\/wp-json\/wp\/v2\/media\/107319"}],"wp:attachment":[{"href":"https:\/\/www.europesays.com\/ee\/wp-json\/wp\/v2\/media?parent=107318"}],"wp:term":[{"taxonomy":"category","embeddable":true,"href":"https:\/\/www.europesays.com\/ee\/wp-json\/wp\/v2\/categories?post=107318"},{"taxonomy":"post_tag","embeddable":true,"href":"https:\/\/www.europesays.com\/ee\/wp-json\/wp\/v2\/tags?post=107318"}],"curies":[{"name":"wp","href":"https:\/\/api.w.org\/{rel}","templated":true}]}}