{"id":107320,"date":"2026-02-13T12:15:07","date_gmt":"2026-02-13T12:15:07","guid":{"rendered":"https:\/\/www.europesays.com\/ee\/107320\/"},"modified":"2026-02-13T12:15:07","modified_gmt":"2026-02-13T12:15:07","slug":"kultuuris-kuum-%e2%9f%a9-kuidas-karolin-jurise-enne-meie-erikat-koos-erika-salumaega-elvas-kais","status":"publish","type":"post","link":"https:\/\/www.europesays.com\/ee\/107320\/","title":{"rendered":"KULTUURIS KUUM \u27e9 Kuidas Karolin J\u00fcrise enne \u00abMeie Erikat\u00bb koos Erika Salum\u00e4ega Elvas k\u00e4is"},"content":{"rendered":"<p>Saates kuuleme, kui palju suhtles J\u00fcrise rolliks valmistudes Erika Salum\u00e4e endaga, kellega koos sai isegi korraks Elvas k\u00e4idud. Samuti r\u00e4\u00e4gib J\u00fcrise, kui t\u00f5sine f\u00fc\u00fcsiline katsumus oli trekis\u00f5idustseenide filmimine ning miks oli tal tarvis siinkohal usaldada re\u017eiss\u00f6\u00f6r German Golubit. Kuuleme ka, miks on J\u00fcrise valinud viimastel aastatel v\u00e4ga erisuguseid rolle, miks head s\u00f5brad on tema jaoks meeletult olulised ning milliseid seoseid \u00e4ratas 80ndatel v\u00f5idutsenud naissportlase lugu tal enda t\u00f6\u00f6ga praegu.<\/p>\n","protected":false},"excerpt":{"rendered":"Saates kuuleme, kui palju suhtles J\u00fcrise rolliks valmistudes Erika Salum\u00e4e endaga, kellega koos sai isegi korraks Elvas k\u00e4idud.&hellip;\n","protected":false},"author":2,"featured_media":107321,"comment_status":"","ping_status":"","sticky":false,"template":"","format":"standard","meta":{"footnotes":"","_share_on_mastodon":"0"},"categories":[16],"tags":[37,33,35,173,28103,34,36,28154,3274,140,28155,3278,3921,13625],"class_list":["post-107320","post","type-post","status-publish","format-standard","has-post-thumbnail","category-meelelahutus","tag-ee","tag-eesti","tag-eesti-keel","tag-entertainment","tag-erika-salumae","tag-estonia","tag-estonian","tag-karolin-jurise","tag-kultuuris-kuum","tag-meelelahutus","tag-meie-erika","tag-podcast-kultuuris-kuum","tag-ralf-sauter","tag-taskuhaaling"],"share_on_mastodon":{"url":"https:\/\/pubeurope.com\/@ee\/116063274507498805","error":""},"_links":{"self":[{"href":"https:\/\/www.europesays.com\/ee\/wp-json\/wp\/v2\/posts\/107320","targetHints":{"allow":["GET"]}}],"collection":[{"href":"https:\/\/www.europesays.com\/ee\/wp-json\/wp\/v2\/posts"}],"about":[{"href":"https:\/\/www.europesays.com\/ee\/wp-json\/wp\/v2\/types\/post"}],"author":[{"embeddable":true,"href":"https:\/\/www.europesays.com\/ee\/wp-json\/wp\/v2\/users\/2"}],"replies":[{"embeddable":true,"href":"https:\/\/www.europesays.com\/ee\/wp-json\/wp\/v2\/comments?post=107320"}],"version-history":[{"count":0,"href":"https:\/\/www.europesays.com\/ee\/wp-json\/wp\/v2\/posts\/107320\/revisions"}],"wp:featuredmedia":[{"embeddable":true,"href":"https:\/\/www.europesays.com\/ee\/wp-json\/wp\/v2\/media\/107321"}],"wp:attachment":[{"href":"https:\/\/www.europesays.com\/ee\/wp-json\/wp\/v2\/media?parent=107320"}],"wp:term":[{"taxonomy":"category","embeddable":true,"href":"https:\/\/www.europesays.com\/ee\/wp-json\/wp\/v2\/categories?post=107320"},{"taxonomy":"post_tag","embeddable":true,"href":"https:\/\/www.europesays.com\/ee\/wp-json\/wp\/v2\/tags?post=107320"}],"curies":[{"name":"wp","href":"https:\/\/api.w.org\/{rel}","templated":true}]}}