{"id":107342,"date":"2026-02-13T12:33:08","date_gmt":"2026-02-13T12:33:08","guid":{"rendered":"https:\/\/www.europesays.com\/ee\/107342\/"},"modified":"2026-02-13T12:33:08","modified_gmt":"2026-02-13T12:33:08","slug":"alika-intervjuud-kasutati-mangureklaamis-see-on-esimene-kord-kui-millegi-sellisega-kokku-puutun","status":"publish","type":"post","link":"https:\/\/www.europesays.com\/ee\/107342\/","title":{"rendered":"Alika intervjuud kasutati m\u00e4ngureklaamis. \u201eSee on esimene kord, kui millegi sellisega kokku puutun\u201c"},"content":{"rendered":"<p>Alika (23) jagas eile hilis\u00f5htul oma sotsiaalmeedias videot sellest, kuidas justkui tema promob \u00fcht m\u00e4ngu nimega Sweet Candy Play, mida pole olemaski. Video l\u00f5pus on m\u00e4rgitud, et m\u00e4ngu saab endale hankida Google Playst v\u00f5i alla laadida App Store\u2019ist. K\u00f5nealusele reklaamile on monteeritud peale \u00fcks Alika intervjuudest ning s\u00f5nu, mida lauljanna intervjuus ei \u00fctle, vaid need on keegi teine peale lugenud. Video l\u00f5ppu lisati veel Alika Eurovisioni v\u00f5istluslugu \u201eBridges\u201c.<\/p>\n<p>\u201eNii, s\u00f5brad! See ei ole mina! Ma ei promo selliseid asju. Ehk kui n\u00e4ete \u2013 tehke report,\u201c hoiatab Alika inimesi.<\/p>\n<p><img decoding=\"async\" src=\"https:\/\/www.europesays.com\/ee\/wp-content\/uploads\/2026\/02\/56d7de6b-31d6-469c-b43e-94e4e78ccf17.jpg\" loading=\"lazy\"\/><img decoding=\"async\" src=\"https:\/\/www.europesays.com\/ee\/wp-content\/uploads\/2026\/02\/0d312590-7426-4fd2-94eb-2a41612f1b56.jpg\" loading=\"lazy\"\/><\/p>\n<p>Alika r\u00e4\u00e4gib toimetusele, et talle saatsid kaks tundmatut naisterahvast Instagrami s\u00f5numi, et temast levib selline video. \u201eSee pole 100% sinu ju,\u201c seisis \u00fches s\u00f5numis, mille Alika \u00fchelt naiselt sai.<\/p>\n<p>\u201eHakkasin m\u00f5tlema, mis video see siis on ja mis \u00fcldse toimub. Siis saatsin neile m\u00f5lemale s\u00f5numi ja k\u00fcsisin, millest nad r\u00e4\u00e4givad, ja nad saatsid mulle selle video. See on esimene kord, kui ma millegi sellisega kokku puutun,\u201c t\u00f5deb Alika.<\/p>\n<p>Alika report\u2019is probleemist kohe. \u201eKuna minuga pole seda varem juhtunud, r\u00e4\u00e4kisin oma meeskonnaga ja me n\u00fc\u00fcd m\u00f5tleme, kuidas antud juhtumit lahendada peale report-nuppu vajutamist,\u201c \u00fctleb Alika ja lisab, et paraku on viimasel ajal v\u00e4gagi laialt levinud sellised probleemid, kus petetakse v\u00f5i kasutatakse ilma loata teiste nimesid.<\/p>\n<p>Kuidas see lugu Sind end tundma pani? Saada <a href=\"https:\/\/kroonika.delfi.ee\/artikkel\/120435952\/alika-intervjuud-kasutati-mangureklaamis-see-on-esimene-kord-kui-millegi-sellisega-kokku-puutun\/kommentaarid\" class=\"article-body-bottom__comment article-body-bottom__comment--write button button--primary button--size-auto\" rel=\"nofollow noopener\" target=\"_blank\"> Kommenteeri <\/a><a href=\"https:\/\/kroonika.delfi.ee\/artikkel\/120435952\/alika-intervjuud-kasutati-mangureklaamis-see-on-esimene-kord-kui-millegi-sellisega-kokku-puutun\/kommentaarid\" class=\"article-body-bottom__comment article-body-bottom__comment--read button button--size-auto\" rel=\"nofollow noopener\" target=\"_blank\"> Loe kommentaare (2)<\/a><\/p>\n","protected":false},"excerpt":{"rendered":"Alika (23) jagas eile hilis\u00f5htul oma sotsiaalmeedias videot sellest, kuidas justkui tema promob \u00fcht m\u00e4ngu nimega Sweet Candy&hellip;\n","protected":false},"author":2,"featured_media":107343,"comment_status":"","ping_status":"","sticky":false,"template":"","format":"standard","meta":{"footnotes":"","_share_on_mastodon":"0"},"categories":[91],"tags":[4101,240,37,33,35,173,34,36,241,140],"class_list":["post-107342","post","type-post","status-publish","format-standard","has-post-thumbnail","category-kuulsused","tag-alika","tag-celebrities","tag-ee","tag-eesti","tag-eesti-keel","tag-entertainment","tag-estonia","tag-estonian","tag-kuulsused","tag-meelelahutus"],"share_on_mastodon":{"url":"https:\/\/pubeurope.com\/@ee\/116063345206856531","error":""},"_links":{"self":[{"href":"https:\/\/www.europesays.com\/ee\/wp-json\/wp\/v2\/posts\/107342","targetHints":{"allow":["GET"]}}],"collection":[{"href":"https:\/\/www.europesays.com\/ee\/wp-json\/wp\/v2\/posts"}],"about":[{"href":"https:\/\/www.europesays.com\/ee\/wp-json\/wp\/v2\/types\/post"}],"author":[{"embeddable":true,"href":"https:\/\/www.europesays.com\/ee\/wp-json\/wp\/v2\/users\/2"}],"replies":[{"embeddable":true,"href":"https:\/\/www.europesays.com\/ee\/wp-json\/wp\/v2\/comments?post=107342"}],"version-history":[{"count":0,"href":"https:\/\/www.europesays.com\/ee\/wp-json\/wp\/v2\/posts\/107342\/revisions"}],"wp:featuredmedia":[{"embeddable":true,"href":"https:\/\/www.europesays.com\/ee\/wp-json\/wp\/v2\/media\/107343"}],"wp:attachment":[{"href":"https:\/\/www.europesays.com\/ee\/wp-json\/wp\/v2\/media?parent=107342"}],"wp:term":[{"taxonomy":"category","embeddable":true,"href":"https:\/\/www.europesays.com\/ee\/wp-json\/wp\/v2\/categories?post=107342"},{"taxonomy":"post_tag","embeddable":true,"href":"https:\/\/www.europesays.com\/ee\/wp-json\/wp\/v2\/tags?post=107342"}],"curies":[{"name":"wp","href":"https:\/\/api.w.org\/{rel}","templated":true}]}}