{"id":107404,"date":"2026-02-13T13:45:08","date_gmt":"2026-02-13T13:45:08","guid":{"rendered":"https:\/\/www.europesays.com\/ee\/107404\/"},"modified":"2026-02-13T13:45:08","modified_gmt":"2026-02-13T13:45:08","slug":"olumpiakarjaari-parima-tulemuse-teinud-alev-sartsu-oli-rohkem-aga-ideaalist-jain-poole-minuti-kaugusele-postimees-sport","status":"publish","type":"post","link":"https:\/\/www.europesays.com\/ee\/107404\/","title":{"rendered":"Ol\u00fcmpiakarj\u00e4\u00e4ri parima tulemuse teinud Alev: s\u00e4rtsu oli rohkem, aga ideaalist j\u00e4in poole minuti kaugusele &#8211; Postimees Sport"},"content":{"rendered":"<ol>\n<li><a href=\"https:\/\/news.google.com\/rss\/articles\/CBMi1AFBVV95cUxNYVUxTFM2M2VWVWJycEplT1JfakgwQmlqUUEzRGlST2dHcVlXLW9hNHpNYXJKcU1tS0NKNzZCb0VuTURzYzZBeURsS2labzRVOExoZnVyVzhZazdsdHBndllSOW55R281WE81SWhDaDBLd3kybFdOTXUydDBYenFwcVAta3I3S1djS2RDOS1DVE90U1pOd2FmQzZaYTBzbk9na2lCRjV0aVJCLXV6TDc3UTdQYXRSUWJja011aGR5S0YxTWcxRWZDdjlfSDFVTjFZLWN3bg?oc=5\" target=\"_blank\" rel=\"nofollow noopener\">Ol\u00fcmpiakarj\u00e4\u00e4ri parima tulemuse teinud Alev: s\u00e4rtsu oli rohkem, aga ideaalist j\u00e4in poole minuti kaugusele<\/a>&nbsp;&nbsp;Postimees Sport<\/li>\n<li><a href=\"https:\/\/news.google.com\/rss\/articles\/CBMihwFBVV95cUxQT3RRR2lKdVV1LVhpcjFYUHo0RjdJRlFJSlMyWDhaaEd1YmJOTVZiaWJwS2FULWdZSWxHaXQ2U3RXTEg5V3h2UEp1RVgyQzNXbEM4VkQ3TWRPeFliVm11WjEweENtYThEa0s0WFYtQzExVy1uZy13d0hRTzdNbHZYcWl2X1o1YjQ?oc=5\" target=\"_blank\" rel=\"nofollow noopener\">Alev: see fraas &#8220;kulmude peal&#8221; oli peaaegu reaalsus<\/a>&nbsp;&nbsp;sport | ERR<\/li>\n<li><a href=\"https:\/\/news.google.com\/rss\/articles\/CBMiqAFBVV95cUxQc2dPVS1KM05remF0UkczNmxiaXVJTzlRNU1qOS16eF9jRlVpLU9iTElJbldBUEhRNW9Od0R3X1laZ1Z0aGZMS3VLeG1UMDQ2Z3FsWlYxbmRycHNIU3lkM2E2LTVEaVU4M2w5VVJ6blRPeHg1aHdIX3BDSDZMNUFTYWtDRUdRVVlhM01UcUhkZHh6dlhCdGJwVEd2QWV0R1FOUU5kMFZ1aXI?oc=5\" target=\"_blank\" rel=\"nofollow noopener\">OTSEBLOGI \u27e9 Mida suudavad Alev ja Himma eraldistardist vabatehnikas\u00f5idus?<\/a>&nbsp;&nbsp;Postimees Sport<\/li>\n<li><a href=\"https:\/\/news.google.com\/rss\/articles\/CBMinwFBVV95cUxPS2FrYkpndFVqQlNwaVJZZUxSbnlaQjFGNXhSc3ptTzlrQnZDMWhfNU1FX0l5dUVvXzhzMTlBcXlQNkJ4cUVZeDFJVmJNbFFKeEJ4MTctS09idFFBVkJkZV9idzJpYWhPLVhTMVdCWDFOaG5XUkhiU2V5MHk0bUxxNnpNNDlXTXdYV0ZhVzVudzlycFQ3VjMxN091RFc1TWs?oc=5\" target=\"_blank\" rel=\"nofollow noopener\">Pettunud Alvar Johannes Alev: enam hullemaks minna ei saa<\/a>&nbsp;&nbsp;Delfi Sport<\/li>\n<li><a href=\"https:\/\/news.google.com\/rss\/articles\/CBMizAFBVV95cUxORGU1RkZtMEZEMm9vaVBSS2FzWXFwZUE0N01VYlFCN28yMGlHTGEwOV90NUIyX0VwRzBpcEJRMHN0NjlqYWRVeFc4ekQyOHUyWVZMMFJvNG9iLUZRV2Q1eVJTc1VvQm8xdTVxbExDd1YxY3FYVEUzaFhpYjVIODJPOFVBckpFZ2xWWXJxb01JZTRidGNLM3BrWGZhTzYyZmUxZ055b2o1cGs0eVFiWkttZWM4Z05QYnB3enZkTE5kLVlFTTdVcnNPNTBvV20?oc=5\" target=\"_blank\" rel=\"nofollow noopener\">Alvar Johannes Alev: olen optimistlik, aga p\u00e4ris tihti on rohkem m\u00f5tlema hakates l\u00e4inud aia taha<\/a>&nbsp;&nbsp;\u00d5htuleht<\/li>\n<\/ol>\n","protected":false},"excerpt":{"rendered":"Ol\u00fcmpiakarj\u00e4\u00e4ri parima tulemuse teinud Alev: s\u00e4rtsu oli rohkem, aga ideaalist j\u00e4in poole minuti kaugusele&nbsp;&nbsp;Postimees Sport Alev: see fraas&hellip;\n","protected":false},"author":2,"featured_media":107405,"comment_status":"","ping_status":"","sticky":false,"template":"","format":"standard","meta":{"footnotes":"","_share_on_mastodon":"0"},"categories":[18],"tags":[8586,37,33,35,34,36,4319,44071,43212,159,158],"class_list":["post-107404","post","type-post","status-publish","format-standard","has-post-thumbnail","category-sport","tag-alvar-johannes-alev","tag-ee","tag-eesti","tag-eesti-keel","tag-estonia","tag-estonian","tag-milano-cortina-olumpia","tag-murdmaa","tag-olumpia-2026","tag-sport","tag-sports"],"share_on_mastodon":{"url":"https:\/\/pubeurope.com\/@ee\/116063628389945269","error":""},"_links":{"self":[{"href":"https:\/\/www.europesays.com\/ee\/wp-json\/wp\/v2\/posts\/107404","targetHints":{"allow":["GET"]}}],"collection":[{"href":"https:\/\/www.europesays.com\/ee\/wp-json\/wp\/v2\/posts"}],"about":[{"href":"https:\/\/www.europesays.com\/ee\/wp-json\/wp\/v2\/types\/post"}],"author":[{"embeddable":true,"href":"https:\/\/www.europesays.com\/ee\/wp-json\/wp\/v2\/users\/2"}],"replies":[{"embeddable":true,"href":"https:\/\/www.europesays.com\/ee\/wp-json\/wp\/v2\/comments?post=107404"}],"version-history":[{"count":0,"href":"https:\/\/www.europesays.com\/ee\/wp-json\/wp\/v2\/posts\/107404\/revisions"}],"wp:featuredmedia":[{"embeddable":true,"href":"https:\/\/www.europesays.com\/ee\/wp-json\/wp\/v2\/media\/107405"}],"wp:attachment":[{"href":"https:\/\/www.europesays.com\/ee\/wp-json\/wp\/v2\/media?parent=107404"}],"wp:term":[{"taxonomy":"category","embeddable":true,"href":"https:\/\/www.europesays.com\/ee\/wp-json\/wp\/v2\/categories?post=107404"},{"taxonomy":"post_tag","embeddable":true,"href":"https:\/\/www.europesays.com\/ee\/wp-json\/wp\/v2\/tags?post=107404"}],"curies":[{"name":"wp","href":"https:\/\/api.w.org\/{rel}","templated":true}]}}