{"id":107427,"date":"2026-02-13T14:09:06","date_gmt":"2026-02-13T14:09:06","guid":{"rendered":"https:\/\/www.europesays.com\/ee\/107427\/"},"modified":"2026-02-13T14:09:06","modified_gmt":"2026-02-13T14:09:06","slug":"macron-moistis-hukka-antisemiitliku-hudra-valismaa","status":"publish","type":"post","link":"https:\/\/www.europesays.com\/ee\/107427\/","title":{"rendered":"Macron m\u00f5istis hukka antisemiitliku h\u00fcdra | V\u00e4lismaa"},"content":{"rendered":"<p>Prantsusmaa president Emmanuel Macron m\u00e4lestas 2006. aastal surnuks piinatud prantsuse juuti Ilan Halimit ning m\u00f5istis hukka antisemiitliku h\u00fcdra, mis on pugenud \u00fchiskonna igasse prakku.<\/p>\n<p>Kuriteos, mis Prantsusmaad kaks aastak\u00fcmmet tagasi vapustas, r\u00f6\u00f6vis umbes 20 noorukist koosnev j\u00f5uk 2006. aasta jaanuaris Halimi ning piinas teda Pariisi eeslinnas Bagneux&#8217;s asuvas sotsiaalmajade piirkonnas. Kolm n\u00e4dalat hiljem leitud 23-aastane noormees suri teel haiglasse.<\/p>\n<p>&#8220;20 aasta jooksul ning vaatamata meie politseinike, sandarmite, kohtunike, \u00f5petajate ja valitud ametiisikute sihikindlatele pingutustele on antisemiitlik h\u00fcdra j\u00e4tkanud oma pealetungi,&#8221; \u00fctles Macron.<\/p>\n<p>&#8220;V\u00f5ttes pidevalt uusi vorme, on see imbunud meie \u00fchiskondade s\u00fcdamesse, igasse prakku, liigagi sageli kaasas sama argp\u00fckslikkuse pakt: vaikida, keelduda n\u00e4gemast,&#8221; j\u00e4tkas Macron.<\/p>\n<p>Presidendipalees esinedes kritiseeris Macron seda, mida ta nimetas islamistlikuks antisemitismiks, mis oli 7. oktoobri pogrommi taga, viidates Palestiina islamistliku \u00e4\u00e4rmusr\u00fchmituse Hamas r\u00fcnnakule Iisraeli vastu 2023. aasta 7. oktoobril.<\/p>\n<p>M\u00f5iste pogromm viitab v\u00e4givaldsetele r\u00fcnnakutele juutide vastu nende religiooni t\u00f5ttu.<\/p>\n<p>Samuti kritiseeris Macron \u00e4\u00e4rmusvasakpoolset antisemitismi, \u00f6eldes, et see v\u00f5istleb \u00e4\u00e4rmusparempoolsega. Ta kritiseeris ka antisemitismi, mis kasutab vaikselt edasiliikumiseks antisionismi silti.<\/p>\n<p>Macron \u00fctles ka, et soovib kohustuslikke valimiskeelde ametiisikutele, kes on s\u00fc\u00fcdi antisemiitlikes, rassistlikes ja diskrimineerivates tegudes ja m\u00e4rkustes.<\/p>\n<p>&#8220;Liigagi sageli tunduvad antisemiitlike s\u00fc\u00fctegude ja kuritegude toimepanijatele m\u00e4\u00e4ratud karistused naeruv\u00e4\u00e4rselt leebed,&#8221; \u00fctles Macron.<\/p>\n<p>&#8220;Valitsus ja parlament teevad t\u00f6\u00f6d, et karmistada karistusi antisemiitlike ja rassistlike tegude eest,&#8221; lisas Macron.<\/p>\n<p>Prantsusmaal elab L\u00e4\u00e4ne-Euroopa suurim, umbes poole miljoni inimesega juudi kogukond, samuti m\u00e4rkimisv\u00e4\u00e4rne moslemikogukond.<\/p>\n<p>Prantsusmaa juudi kogukonna liikmed on \u00f6elnud, et antisemiitlike tegude arv on j\u00e4rsult kasvanud p\u00e4rast Hamasi terrorir\u00fcnnakut Iisraeli vastu, mis vallandas Iisraeli s\u00f5jalise vastul\u00f6\u00f6gi Hamasi juhitavas Gaza sektoris.<\/p>\n","protected":false},"excerpt":{"rendered":"Prantsusmaa president Emmanuel Macron m\u00e4lestas 2006. aastal surnuks piinatud prantsuse juuti Ilan Halimit ning m\u00f5istis hukka antisemiitliku h\u00fcdra,&hellip;\n","protected":false},"author":2,"featured_media":107428,"comment_status":"","ping_status":"","sticky":false,"template":"","format":"standard","meta":{"footnotes":"","_share_on_mastodon":"0"},"categories":[80],"tags":[51224,4141,26,27,37,33,35,2194,34,36,31,32,21,619,28,29,95,19,25,52,23,24,22,20,30,92,93,94],"class_list":["post-107427","post","type-post","status-publish","format-standard","has-post-thumbnail","category-maailm","tag-aarmusluse-tous","tag-antisemitism","tag-breaking-news","tag-breakingnews","tag-ee","tag-eesti","tag-eesti-keel","tag-emmanuel-macron","tag-estonia","tag-estonian","tag-featured-news","tag-featurednews","tag-headlines","tag-iisrael","tag-latest-news","tag-latestnews","tag-maailm","tag-news","tag-populaarseimad-lood","tag-prantsusmaa","tag-top-stories","tag-topstories","tag-uldised-uudised","tag-uudised","tag-viimased-uudised","tag-world","tag-world-news","tag-worldnews"],"share_on_mastodon":{"url":"https:\/\/pubeurope.com\/@ee\/116063722797172577","error":""},"_links":{"self":[{"href":"https:\/\/www.europesays.com\/ee\/wp-json\/wp\/v2\/posts\/107427","targetHints":{"allow":["GET"]}}],"collection":[{"href":"https:\/\/www.europesays.com\/ee\/wp-json\/wp\/v2\/posts"}],"about":[{"href":"https:\/\/www.europesays.com\/ee\/wp-json\/wp\/v2\/types\/post"}],"author":[{"embeddable":true,"href":"https:\/\/www.europesays.com\/ee\/wp-json\/wp\/v2\/users\/2"}],"replies":[{"embeddable":true,"href":"https:\/\/www.europesays.com\/ee\/wp-json\/wp\/v2\/comments?post=107427"}],"version-history":[{"count":0,"href":"https:\/\/www.europesays.com\/ee\/wp-json\/wp\/v2\/posts\/107427\/revisions"}],"wp:featuredmedia":[{"embeddable":true,"href":"https:\/\/www.europesays.com\/ee\/wp-json\/wp\/v2\/media\/107428"}],"wp:attachment":[{"href":"https:\/\/www.europesays.com\/ee\/wp-json\/wp\/v2\/media?parent=107427"}],"wp:term":[{"taxonomy":"category","embeddable":true,"href":"https:\/\/www.europesays.com\/ee\/wp-json\/wp\/v2\/categories?post=107427"},{"taxonomy":"post_tag","embeddable":true,"href":"https:\/\/www.europesays.com\/ee\/wp-json\/wp\/v2\/tags?post=107427"}],"curies":[{"name":"wp","href":"https:\/\/api.w.org\/{rel}","templated":true}]}}