{"id":107429,"date":"2026-02-13T14:10:07","date_gmt":"2026-02-13T14:10:07","guid":{"rendered":"https:\/\/www.europesays.com\/ee\/107429\/"},"modified":"2026-02-13T14:10:07","modified_gmt":"2026-02-13T14:10:07","slug":"grippi-haigestumine-on-endiselt-vaga-korgel-tasemel-haripunkt-on-kaes","status":"publish","type":"post","link":"https:\/\/www.europesays.com\/ee\/107429\/","title":{"rendered":"Grippi haigestumine on endiselt v\u00e4ga k\u00f5rgel tasemel, haripunkt on k\u00e4es"},"content":{"rendered":"<p>\u00dclemiste hingamisteede viirusnakkuste t\u00f5ttu p\u00f6\u00f6rdus 6. n\u00e4dalal arstide poole 4270 inimest. Enam kui kolmandik haigestunutest olid kuni 14-aastased lapsed. Peamisteks haigustekitajateks on gripi-, RS-, rinoviirused ning SARS-CoV-2. Maakondade l\u00f5ikes suuri erinevusi ei t\u00e4heldatud.<\/p>\n<p><a rel=\"noopener nofollow\" target=\"_blank\" href=\"https:\/\/www.delfi.ee\/teema\/96857326\/gripp-1\" tag-id=\"96857326\">Grippi<\/a> haigestumine p\u00fcsib endiselt v\u00e4ga k\u00f5rgel tasemel. 6. n\u00e4dalal registreeriti 1538 gripijuhtu, mis on 25% v\u00e4hem kui n\u00e4dal varem. Gripp levib laialdaselt k\u00f5igis maakondades ja vanuser\u00fchmades. Hooaja algusest (29.09.2025) on gripi t\u00f5ttu hospitaliseeritud 1206 patsienti. Kasvutrendis on eakate patsientide osakaal, mist\u00f5ttu pikeneb ka haiglaravi kestus. Sel hooajal gripiga hospitaliseeritutest surnud 72 inimest, neist 66 olid 60-aastased ja vanemad.<\/p>\n<p>COVID-19 haigestumuse intensiivsust hinnatakse keskmiseks. 6. n\u00e4dalal registreeriti 597 COVID-19 haigusjuhtu, mis on 12% v\u00e4hem kui eelneval n\u00e4dalal. Suurim haigestumise langus on t\u00e4heldatud laste vanusr\u00fchmades, v\u00e4lja arvatud 10\u201314-aastaste seas. Suurim haigestumise kasv on t\u00e4heldatud \u00fcle 85-aastaste seas, mis v\u00f5ib olla seotud mitme haiglasisese ja hoolekandeasutuse puhanguga. Hooaja algusest on COVID-19 p\u00f5hihaiguse t\u00f5ttu haiglaravi vajanud 59 patsienti, kellest enamik olid eakad.<\/p>\n<p>RS-viiruse levik j\u00e4tkab kasvu, eriti v\u00e4ikelaste seas. 6. n\u00e4dalal registreeriti 151 juhtu, neist 68 alla 4-aastastel. Hooaja algusest on registreeritud 808 RS-viirusega seotud haigusjuhtu. Kokku on hospitaliseeritud 133 patsienti, neist 80 olid lapsed vanuses 0\u20134 aastat ning 30 patsienti vanuses 65 aastat ja vanemad.<\/p>\n<p>Kuidas see lugu Sind end tundma pani? Saada <a href=\"https:\/\/www.delfi.ee\/artikkel\/120436063\/ulevaade-nakkushaigustest-viiruste-mitmekesisus-naitab-haigestumise-haripunkti-saabumist\/kommentaarid\" class=\"article-body-bottom__comment article-body-bottom__comment--write button button--primary button--size-auto\" rel=\"nofollow noopener\" target=\"_blank\"> Kommenteeri <\/a><a href=\"https:\/\/www.delfi.ee\/artikkel\/120436063\/ulevaade-nakkushaigustest-viiruste-mitmekesisus-naitab-haigestumise-haripunkti-saabumist\/kommentaarid\" class=\"article-body-bottom__comment article-body-bottom__comment--read button button--size-auto\" rel=\"nofollow noopener\" target=\"_blank\"> Loe kommentaare <\/a><\/p>\n","protected":false},"excerpt":{"rendered":"\u00dclemiste hingamisteede viirusnakkuste t\u00f5ttu p\u00f6\u00f6rdus 6. n\u00e4dalal arstide poole 4270 inimest. Enam kui kolmandik haigestunutest olid kuni 14-aastased&hellip;\n","protected":false},"author":2,"featured_media":107430,"comment_status":"","ping_status":"","sticky":false,"template":"","format":"standard","meta":{"footnotes":"","_share_on_mastodon":"0"},"categories":[12],"tags":[26,27,37,33,35,34,36,31,32,19583,21,154,28,29,19,25,23,24,22,20,30],"class_list":["post-107429","post","type-post","status-publish","format-standard","has-post-thumbnail","category-eesti","tag-breaking-news","tag-breakingnews","tag-ee","tag-eesti","tag-eesti-keel","tag-estonia","tag-estonian","tag-featured-news","tag-featurednews","tag-gripp","tag-headlines","tag-koroonaviirus","tag-latest-news","tag-latestnews","tag-news","tag-populaarseimad-lood","tag-top-stories","tag-topstories","tag-uldised-uudised","tag-uudised","tag-viimased-uudised"],"share_on_mastodon":{"url":"https:\/\/pubeurope.com\/@ee\/116063726848681142","error":""},"_links":{"self":[{"href":"https:\/\/www.europesays.com\/ee\/wp-json\/wp\/v2\/posts\/107429","targetHints":{"allow":["GET"]}}],"collection":[{"href":"https:\/\/www.europesays.com\/ee\/wp-json\/wp\/v2\/posts"}],"about":[{"href":"https:\/\/www.europesays.com\/ee\/wp-json\/wp\/v2\/types\/post"}],"author":[{"embeddable":true,"href":"https:\/\/www.europesays.com\/ee\/wp-json\/wp\/v2\/users\/2"}],"replies":[{"embeddable":true,"href":"https:\/\/www.europesays.com\/ee\/wp-json\/wp\/v2\/comments?post=107429"}],"version-history":[{"count":0,"href":"https:\/\/www.europesays.com\/ee\/wp-json\/wp\/v2\/posts\/107429\/revisions"}],"wp:featuredmedia":[{"embeddable":true,"href":"https:\/\/www.europesays.com\/ee\/wp-json\/wp\/v2\/media\/107430"}],"wp:attachment":[{"href":"https:\/\/www.europesays.com\/ee\/wp-json\/wp\/v2\/media?parent=107429"}],"wp:term":[{"taxonomy":"category","embeddable":true,"href":"https:\/\/www.europesays.com\/ee\/wp-json\/wp\/v2\/categories?post=107429"},{"taxonomy":"post_tag","embeddable":true,"href":"https:\/\/www.europesays.com\/ee\/wp-json\/wp\/v2\/tags?post=107429"}],"curies":[{"name":"wp","href":"https:\/\/api.w.org\/{rel}","templated":true}]}}