{"id":107447,"date":"2026-02-13T14:31:10","date_gmt":"2026-02-13T14:31:10","guid":{"rendered":"https:\/\/www.europesays.com\/ee\/107447\/"},"modified":"2026-02-13T14:31:10","modified_gmt":"2026-02-13T14:31:10","slug":"novaja-gazeta-adam-kadorovil-eemaldati-parast-autoavariid-porn-ja-ta-voib-uhest-silmast-pimedaks-jaada","status":"publish","type":"post","link":"https:\/\/www.europesays.com\/ee\/107447\/","title":{"rendered":"Novaja Gazeta: Adam Kad\u00f5rovil eemaldati p\u00e4rast autoavariid p\u00f5rn ja ta v\u00f5ib \u00fchest silmast pimedaks j\u00e4\u00e4da"},"content":{"rendered":"<p>Lisaks sellele diagnoositi v\u00e4ljaande teatel 18-aastasel Kad\u00f5rovil m\u00f5ra l\u00f5ualuus ja talle m\u00e4\u00e4rati pooleks aastaks range dieet, vahendab Meduza.<\/p>\n<p>Novaja Gazeta allikas teatas veel, et Adamil sai kahjustada n\u00e4gemisn\u00e4rv ja on oht, et ta j\u00e4\u00e4b \u00fchest silmast pimedaks.<\/p>\n<p>Koos Adamiga viidi p\u00e4rast avariid Moskvasse kolm tema ihukaitsjat. Allikate andmetel on nendel palju t\u00f5sisemad vigastused. Bislan Kaimov, keda nimetatakse Adami parimaks s\u00f5braks, sai raske kolju- ja ajuvigastuse ning v\u00f5ib halvatuks j\u00e4\u00e4da.<\/p>\n<p>Sellest, et Grozn\u00f5is toimus raske avarii, milles sai kannatada Adam Kad\u00f5rov, kirjutasid jaanuaris opositsiooniline Telegrami kanal \u201eNiyso\u201c ja v\u00e4ljaanne Kavkaz.Realii. Nende allikate s\u00f5nul kaotas auto, mille roolis oli Adam, v\u00e4ga suurel kiirusel juhitavuse ja rammis teepiiret. Kad\u00f5rovi autot saatnud turvameeste autod p\u00f5rkasid omavahel kokku. Kavkaz.Realii teatas, et Adam viidi lennukiga Moskvasse ravile.<\/p>\n<p>9. veebruaril kommenteeris avariid esimest korda Ramzan Kad\u00f5rov, kes nimetas neid teateid \u201ekuskilt v\u00f5etud v\u00e4ljam\u00f5eldiseks, mis on saanud maailma esiuudiseks\u201c. J\u00e4rgmisel p\u00e4eval avaldas Ramzan ka pojast video, milles n\u00e4eb Adam varasemaga v\u00f5rreldes v\u00e4lja tugevalt k\u00f5hnununa.<\/p>\n<p>Kuidas see lugu Sind end tundma pani? Saada <a href=\"https:\/\/www.delfi.ee\/artikkel\/120436017\/novaja-gazeta-adam-kadorovil-eemaldati-parast-autoavariid-porn-ja-ta-voib-uhest-silmast-pimedaks-jaada\/kommentaarid\" class=\"article-body-bottom__comment article-body-bottom__comment--write button button--primary button--size-auto\" rel=\"nofollow noopener\" target=\"_blank\"> Kommenteeri <\/a><a href=\"https:\/\/www.delfi.ee\/artikkel\/120436017\/novaja-gazeta-adam-kadorovil-eemaldati-parast-autoavariid-porn-ja-ta-voib-uhest-silmast-pimedaks-jaada\/kommentaarid\" class=\"article-body-bottom__comment article-body-bottom__comment--read button button--size-auto\" rel=\"nofollow noopener\" target=\"_blank\"> Loe kommentaare (18)<\/a><\/p>\n","protected":false},"excerpt":{"rendered":"Lisaks sellele diagnoositi v\u00e4ljaande teatel 18-aastasel Kad\u00f5rovil m\u00f5ra l\u00f5ualuus ja talle m\u00e4\u00e4rati pooleks aastaks range dieet, vahendab Meduza.&hellip;\n","protected":false},"author":2,"featured_media":107448,"comment_status":"","ping_status":"","sticky":false,"template":"","format":"standard","meta":{"footnotes":"","_share_on_mastodon":"0"},"categories":[80],"tags":[639,26,27,37,33,35,34,36,31,32,15849,21,28,29,95,108,19,25,638,23,24,637,22,20,30,92,93,94],"class_list":["post-107447","post","type-post","status-publish","format-standard","has-post-thumbnail","category-maailm","tag-adam-kadorov","tag-breaking-news","tag-breakingnews","tag-ee","tag-eesti","tag-eesti-keel","tag-estonia","tag-estonian","tag-featured-news","tag-featurednews","tag-groznoi","tag-headlines","tag-latest-news","tag-latestnews","tag-maailm","tag-moskva","tag-news","tag-populaarseimad-lood","tag-ramzan-kadorov","tag-top-stories","tag-topstories","tag-tsetseenia","tag-uldised-uudised","tag-uudised","tag-viimased-uudised","tag-world","tag-world-news","tag-worldnews"],"share_on_mastodon":{"url":"https:\/\/pubeurope.com\/@ee\/116063809264477478","error":""},"_links":{"self":[{"href":"https:\/\/www.europesays.com\/ee\/wp-json\/wp\/v2\/posts\/107447","targetHints":{"allow":["GET"]}}],"collection":[{"href":"https:\/\/www.europesays.com\/ee\/wp-json\/wp\/v2\/posts"}],"about":[{"href":"https:\/\/www.europesays.com\/ee\/wp-json\/wp\/v2\/types\/post"}],"author":[{"embeddable":true,"href":"https:\/\/www.europesays.com\/ee\/wp-json\/wp\/v2\/users\/2"}],"replies":[{"embeddable":true,"href":"https:\/\/www.europesays.com\/ee\/wp-json\/wp\/v2\/comments?post=107447"}],"version-history":[{"count":0,"href":"https:\/\/www.europesays.com\/ee\/wp-json\/wp\/v2\/posts\/107447\/revisions"}],"wp:featuredmedia":[{"embeddable":true,"href":"https:\/\/www.europesays.com\/ee\/wp-json\/wp\/v2\/media\/107448"}],"wp:attachment":[{"href":"https:\/\/www.europesays.com\/ee\/wp-json\/wp\/v2\/media?parent=107447"}],"wp:term":[{"taxonomy":"category","embeddable":true,"href":"https:\/\/www.europesays.com\/ee\/wp-json\/wp\/v2\/categories?post=107447"},{"taxonomy":"post_tag","embeddable":true,"href":"https:\/\/www.europesays.com\/ee\/wp-json\/wp\/v2\/tags?post=107447"}],"curies":[{"name":"wp","href":"https:\/\/api.w.org\/{rel}","templated":true}]}}