{"id":107453,"date":"2026-02-13T14:39:05","date_gmt":"2026-02-13T14:39:05","guid":{"rendered":"https:\/\/www.europesays.com\/ee\/107453\/"},"modified":"2026-02-13T14:39:05","modified_gmt":"2026-02-13T14:39:05","slug":"nukufilmis-valmib-ulo-pikkovi-uus-film-maast-ning-selle-ule-voitlemisest-film","status":"publish","type":"post","link":"https:\/\/www.europesays.com\/ee\/107453\/","title":{"rendered":"Nukufilmis valmib \u00dclo Pikkovi uus film maast ning selle \u00fcle v\u00f5itlemisest | Film"},"content":{"rendered":"<p>Nukufilmis on juba paar n\u00e4dalat kestnud \u00dclo Pikkovi uue filmi &#8220;Maa&#8221; v\u00f5tted, mis t\u00f5ukub tugevalt meie kaasajast.<\/p>\n<p>\u00dclo Pikkovi &#8220;Maa&#8221; on lugu sellest, kuidas unistajast v\u00f5ib saada diktaator, samuti h\u00e4vingust, mis saabub, kui armastus moondub v\u00f5imuihaks. Re\u017eiss\u00f6\u00f6ri s\u00f5nul ongi tegu alleegoorse looga maast ning selle jagamisest.<\/p>\n<p>&#8220;Maad on inimkond l\u00e4bi ajaloo kogu aeg jaganud, selle \u00fcle v\u00f5ideldnud ja s\u00f5dasid pidanud ning maad on m\u00f5\u00f5tnud ka talumehed Vargam\u00e4el,&#8221; s\u00f5nas Pikkov ja lisas, et praegu on ka uudistest p\u00f5hik\u00fcsimus ikkagi maa. &#8220;Kes maa endale saab, kellele see kuulub ja kellelt seda \u00e4ra v\u00f5tta.&#8221;<\/p>\n<p>V\u00f5tted on hetkel algusj\u00e4rgus ning kestavad suure t\u00f5en\u00e4osusega kuni suve alguseni, s\u00fcgiseks loodavad tegijad projekti valmis saada, et oleks v\u00f5imalik alustada rahvusvahelist festivaliringi.<\/p>\n<p>Re\u017eiss\u00f6\u00f6ri s\u00f5nul m\u00f5jutasid teda &#8220;Maa&#8221; puhul selgelt ka poliitilised s\u00fcndmused. &#8220;Esimesed m\u00f5tted tekkisidki siis, kui hakkas Ukraina t\u00e4iemahuline s\u00f5da,&#8221; kinnitas ta ja lisas, et ta hakkas \u00fchel hetkel m\u00e4rkama, et maa on k\u00f5igis Eesti juurtekstides olulisel kohal. &#8220;Ma pigem vaatan maad natukene suuremalt ja globaalsemal tasandil.&#8221;<\/p>\n<p>Nukufilmi tegevjuhi M\u00e4rt Kivi s\u00f5nul on neil alati hea meel \u00dclo Pikkoviga koost\u00f6\u00f6d teha, v\u00e4rske projekti puhul Kivi eriti esile just aktuaalsust. &#8220;\u00dcldiselt me hoidume enda stuudios poliitilistes hoiakutest, aga see film iseenesest polegi poliitiline hoiak, vaid kirjeldus sellest, mis meil toimub v\u00f5i ei toimu,&#8221; r\u00f5hutas ta.<\/p>\n","protected":false},"excerpt":{"rendered":"Nukufilmis on juba paar n\u00e4dalat kestnud \u00dclo Pikkovi uue filmi &#8220;Maa&#8221; v\u00f5tted, mis t\u00f5ukub tugevalt meie kaasajast. \u00dclo&hellip;\n","protected":false},"author":2,"featured_media":107454,"comment_status":"","ping_status":"","sticky":false,"template":"","format":"standard","meta":{"footnotes":"","_share_on_mastodon":"0"},"categories":[16],"tags":[37,33,35,173,34,36,3904,140,8967,51251],"class_list":["post-107453","post","type-post","status-publish","format-standard","has-post-thumbnail","category-meelelahutus","tag-ee","tag-eesti","tag-eesti-keel","tag-entertainment","tag-estonia","tag-estonian","tag-maa","tag-meelelahutus","tag-nukufilm","tag-ulo-pikkov"],"share_on_mastodon":{"url":"https:\/\/pubeurope.com\/@ee\/116063840713877465","error":""},"_links":{"self":[{"href":"https:\/\/www.europesays.com\/ee\/wp-json\/wp\/v2\/posts\/107453","targetHints":{"allow":["GET"]}}],"collection":[{"href":"https:\/\/www.europesays.com\/ee\/wp-json\/wp\/v2\/posts"}],"about":[{"href":"https:\/\/www.europesays.com\/ee\/wp-json\/wp\/v2\/types\/post"}],"author":[{"embeddable":true,"href":"https:\/\/www.europesays.com\/ee\/wp-json\/wp\/v2\/users\/2"}],"replies":[{"embeddable":true,"href":"https:\/\/www.europesays.com\/ee\/wp-json\/wp\/v2\/comments?post=107453"}],"version-history":[{"count":0,"href":"https:\/\/www.europesays.com\/ee\/wp-json\/wp\/v2\/posts\/107453\/revisions"}],"wp:featuredmedia":[{"embeddable":true,"href":"https:\/\/www.europesays.com\/ee\/wp-json\/wp\/v2\/media\/107454"}],"wp:attachment":[{"href":"https:\/\/www.europesays.com\/ee\/wp-json\/wp\/v2\/media?parent=107453"}],"wp:term":[{"taxonomy":"category","embeddable":true,"href":"https:\/\/www.europesays.com\/ee\/wp-json\/wp\/v2\/categories?post=107453"},{"taxonomy":"post_tag","embeddable":true,"href":"https:\/\/www.europesays.com\/ee\/wp-json\/wp\/v2\/tags?post=107453"}],"curies":[{"name":"wp","href":"https:\/\/api.w.org\/{rel}","templated":true}]}}