{"id":107538,"date":"2026-02-13T16:21:06","date_gmt":"2026-02-13T16:21:06","guid":{"rendered":"https:\/\/www.europesays.com\/ee\/107538\/"},"modified":"2026-02-13T16:21:06","modified_gmt":"2026-02-13T16:21:06","slug":"trump-keerab-rohepoorde-tagasi-autotoostus-paaseb-heitmete-piirangust-senised-edusammud-nullitakse","status":"publish","type":"post","link":"https:\/\/www.europesays.com\/ee\/107538\/","title":{"rendered":"Trump keerab rohep\u00f6\u00f6rde tagasi. Autot\u00f6\u00f6stus p\u00e4\u00e4seb heitmete piirangust, senised edusammud nullitakse"},"content":{"rendered":"<p>Valge Maja praegune administratsioon on j\u00e4rjepidevalt keskendunud demokraatidest eelk\u00e4ijate keskkonda kaitsvate otsuste t\u00fchistamisele, kuid sel n\u00e4dalal tegi Trump USA energiapoliitikas senise ametiaja k\u00f5ige j\u00e4rsema p\u00f6\u00f6rde. <\/p>\n<p class=\"p1\">Trump pole kunagi varjanud, et ta toetab fossiilk\u00fctusel p\u00f5hinevat t\u00f6\u00f6stust \u2013 sellist, mis on ajalooliselt aidanud \u00dchendriikidel t\u00f5usta maailma rikkaimaks riigiks. Keskkonnakaitsjate kriitikat on ta vaigistanud teooriaga, et <a rel=\"noopener nofollow\" target=\"_blank\" href=\"https:\/\/www.delfi.ee\/teema\/96855060\/kliima-1\" data-rel-date-range=\"[]\">kliimasoojenemisel<\/a> ja kasvuhoonegaaside \u00f5hku paiskamisel pole mingit seost, kuigi enamik maailma kliimateadlasi kinnitavad vastupidist.   <\/p>\n<p class=\"p1\">Seni on Trump enda poliitikat ellu viinud roheprojektide toetusi ja lube peatades ning rahvusvahelistest kliimalepetest v\u00e4ljudes. See pole aga v\u00f5imaldanud USA fossiilsetel t\u00f6\u00f6stusharudel taganeda varasemate valitsuste pandud kohustusest v\u00e4hendada tootmises kasvuhoonegaaside heitkoguseid. <\/p>\n<p class=\"p1\">N\u00fc\u00fcd leidis Trump \u00f5igusliku hoova, kuidas naftale, gaasile ja kivis\u00f6ele tuginevale majandusele uus t\u00f5uge anda. Selleks t\u00fchistas ta \u00fche riikliku agentuuri hinnangu, millele tuginesid paljud muud keskkonnakaitselised otsused ja piirangud. <\/p>\n<p>Oled juba tellija?Logi sisse<\/p>\n<p><a href=\"https:\/\/www.delfi.ee\/artikkel\/120436078\/trump-keerab-rohepoorde-tagasi-autotoostus-paaseb-heitmete-piirangust-senised-edusammud-nullitakse\/kommentaarid\" class=\"article-body-bottom__comment article-body-bottom__comment--write button button--primary button--size-auto\" rel=\"nofollow noopener\" target=\"_blank\"> Kommenteeri <\/a><a href=\"https:\/\/www.delfi.ee\/artikkel\/120436078\/trump-keerab-rohepoorde-tagasi-autotoostus-paaseb-heitmete-piirangust-senised-edusammud-nullitakse\/kommentaarid\" class=\"article-body-bottom__comment article-body-bottom__comment--read button button--size-auto\" rel=\"nofollow noopener\" target=\"_blank\"> Loe kommentaare (25)<\/a><\/p>\n","protected":false},"excerpt":{"rendered":"Valge Maja praegune administratsioon on j\u00e4rjepidevalt keskendunud demokraatidest eelk\u00e4ijate keskkonda kaitsvate otsuste t\u00fchistamisele, kuid sel n\u00e4dalal tegi Trump&hellip;\n","protected":false},"author":2,"featured_media":107539,"comment_status":"","ping_status":"","sticky":false,"template":"","format":"standard","meta":{"footnotes":"","_share_on_mastodon":"0"},"categories":[80],"tags":[1203,26,27,324,37,33,35,34,36,31,32,22772,26382,21,1176,4326,4330,15928,2354,18339,499,28,29,95,19,25,23,24,22,325,20,1177,30,92,93,94],"class_list":["post-107538","post","type-post","status-publish","format-standard","has-post-thumbnail","category-maailm","tag-barack-obama","tag-breaking-news","tag-breakingnews","tag-donald-trump","tag-ee","tag-eesti","tag-eesti-keel","tag-estonia","tag-estonian","tag-featured-news","tag-featurednews","tag-fossiilkutus","tag-fossiilkutused","tag-headlines","tag-joe-biden","tag-kliima","tag-kliima-soojenemine","tag-kliimamuutus","tag-kliimamuutused","tag-kliimapoliitika","tag-kliimasoojenemine","tag-latest-news","tag-latestnews","tag-maailm","tag-news","tag-populaarseimad-lood","tag-top-stories","tag-topstories","tag-uldised-uudised","tag-usa","tag-uudised","tag-valge-maja-usa","tag-viimased-uudised","tag-world","tag-world-news","tag-worldnews"],"share_on_mastodon":{"url":"","error":"Validation failed: Text character limit of 500 exceeded"},"_links":{"self":[{"href":"https:\/\/www.europesays.com\/ee\/wp-json\/wp\/v2\/posts\/107538","targetHints":{"allow":["GET"]}}],"collection":[{"href":"https:\/\/www.europesays.com\/ee\/wp-json\/wp\/v2\/posts"}],"about":[{"href":"https:\/\/www.europesays.com\/ee\/wp-json\/wp\/v2\/types\/post"}],"author":[{"embeddable":true,"href":"https:\/\/www.europesays.com\/ee\/wp-json\/wp\/v2\/users\/2"}],"replies":[{"embeddable":true,"href":"https:\/\/www.europesays.com\/ee\/wp-json\/wp\/v2\/comments?post=107538"}],"version-history":[{"count":0,"href":"https:\/\/www.europesays.com\/ee\/wp-json\/wp\/v2\/posts\/107538\/revisions"}],"wp:featuredmedia":[{"embeddable":true,"href":"https:\/\/www.europesays.com\/ee\/wp-json\/wp\/v2\/media\/107539"}],"wp:attachment":[{"href":"https:\/\/www.europesays.com\/ee\/wp-json\/wp\/v2\/media?parent=107538"}],"wp:term":[{"taxonomy":"category","embeddable":true,"href":"https:\/\/www.europesays.com\/ee\/wp-json\/wp\/v2\/categories?post=107538"},{"taxonomy":"post_tag","embeddable":true,"href":"https:\/\/www.europesays.com\/ee\/wp-json\/wp\/v2\/tags?post=107538"}],"curies":[{"name":"wp","href":"https:\/\/api.w.org\/{rel}","templated":true}]}}