{"id":107657,"date":"2026-02-13T20:11:24","date_gmt":"2026-02-13T20:11:24","guid":{"rendered":"https:\/\/www.europesays.com\/ee\/107657\/"},"modified":"2026-02-13T20:11:24","modified_gmt":"2026-02-13T20:11:24","slug":"aktsiaselts-e-piim-tootmine-esitas-pankrotiavalduse","status":"publish","type":"post","link":"https:\/\/www.europesays.com\/ee\/107657\/","title":{"rendered":"Aktsiaselts E-Piim Tootmine esitas pankrotiavalduse"},"content":{"rendered":"<p>Aktsiaseltsi E-Piim Tootmine juhatuse liige Janis Bertulsons esitas kolmap\u00e4eval pankrotiavalduse, l\u00e4htudes seadusest tulenevast kohustusest tegutseda ettev\u00f5tte ja k\u00f5igi osapoolte huvides olukorras, kus ettev\u00f5tte finantsseis ei v\u00f5imalda enam kohustusi tavap\u00e4raselt t\u00e4ita.<\/p>\n<p>Uuendatud juhtkond on tegevjuht Anti Orava eestvedamisel alates 2025. aasta detsembrikuust tegelenud ettev\u00f5tte olukorra stabiliseerimisega, et pakkuda omanikele ja v\u00f5lausaldajatele v\u00f5imalust leida pankrotiv\u00e4line lahendus ettev\u00f5tte likviidsusprobleemidele.<\/p>\n<p>Pankrotiprotsess ja ostuhuvi<\/p>\n<p>Viimase paari kuu jooksul on k\u00e4inud ettev\u00f5tte omanike vahel l\u00e4bir\u00e4\u00e4kimised, kuid eelmisel n\u00e4dalal otsustas SCE E-Piim \u00fchistu Hollandi aktsion\u00e4ri pakkumist mitte vastu v\u00f5tta. Samas on mitmed ettev\u00f5tted v\u00e4ljendanud huvi omandada AS E-Piim Tootmine \u00e4ritegevus pankrotiprotsessi kaudu.<\/p>\n<blockquote><p>&#13;<\/p>\n<p>\u201eAS E-Piim Tootmine juhtkond teeb endast oleneva, et hoida meeskond ja tootmine t\u00f6\u00f6s ka pankrotiprotsessi ajal, sest parim viis ettev\u00f5tte vara v\u00e4\u00e4rtuse s\u00e4ilitamiseks on selle tegevuse k\u00e4igus hoidmine. Kriitiline on selles protsessis tagada piima j\u00e4tkuv vastuv\u00f5tt ning piimatootjatele selle eest tasumine,\u201c lausus Orav.<\/p>\n<p>&#13;\n<\/p><\/blockquote>\n<p>AS E-Piim Tootmine on juustutootja, mis suudab iga p\u00e4ev v\u00e4\u00e4rindada kuni 1000 tonni toorpiima. \u00dcle 90 protsendi toodangust eksporditakse. Hiljuti Paides k\u00e4ivitatud juustutehas on \u00fcks Euroopa moodsamaid ning selle avamise j\u00e4rel on ettev\u00f5tte m\u00fc\u00fcgitulu kasvanud enam kui kolm korda. Kokku t\u00f6\u00f6tab ettev\u00f5ttes ligi 200 inimest, sealhulgas Paides umbes 100. Lisaks uuele Paide juustutehasele on ettev\u00f5ttel tootmis\u00fcksused P\u00f5ltsamaal ja J\u00e4rva-Jaanis.<\/p>\n<p>Ettev\u00f5tte enamusaktsion\u00e4r on ligikaudu 73-protsendilise osalusega SCE E-Piim ning 25 protsenti kuulub kahele Hollandi ettev\u00f5ttele kuuluvale \u00e4ri\u00fchingule Meierei. SCE E-Piim \u00fchistu kuulub umbes 100-le Eesti ja L\u00e4ti farmerile.<\/p>\n","protected":false},"excerpt":{"rendered":"Aktsiaseltsi E-Piim Tootmine juhatuse liige Janis Bertulsons esitas kolmap\u00e4eval pankrotiavalduse, l\u00e4htudes seadusest tulenevast kohustusest tegutseda ettev\u00f5tte ja k\u00f5igi&hellip;\n","protected":false},"author":2,"featured_media":107658,"comment_status":"","ping_status":"","sticky":false,"template":"","format":"standard","meta":{"footnotes":"","_share_on_mastodon":"0"},"categories":[14],"tags":[24929,131,130,37,33,35,34,36,13739,9797],"class_list":["post-107657","post","type-post","status-publish","format-standard","has-post-thumbnail","category-ari","tag-anti-orav","tag-ari","tag-business","tag-ee","tag-eesti","tag-eesti-keel","tag-estonia","tag-estonian","tag-pankrotiavaldus","tag-piimatoostus"],"share_on_mastodon":{"url":"https:\/\/pubeurope.com\/@ee\/116065146155225141","error":""},"_links":{"self":[{"href":"https:\/\/www.europesays.com\/ee\/wp-json\/wp\/v2\/posts\/107657","targetHints":{"allow":["GET"]}}],"collection":[{"href":"https:\/\/www.europesays.com\/ee\/wp-json\/wp\/v2\/posts"}],"about":[{"href":"https:\/\/www.europesays.com\/ee\/wp-json\/wp\/v2\/types\/post"}],"author":[{"embeddable":true,"href":"https:\/\/www.europesays.com\/ee\/wp-json\/wp\/v2\/users\/2"}],"replies":[{"embeddable":true,"href":"https:\/\/www.europesays.com\/ee\/wp-json\/wp\/v2\/comments?post=107657"}],"version-history":[{"count":0,"href":"https:\/\/www.europesays.com\/ee\/wp-json\/wp\/v2\/posts\/107657\/revisions"}],"wp:featuredmedia":[{"embeddable":true,"href":"https:\/\/www.europesays.com\/ee\/wp-json\/wp\/v2\/media\/107658"}],"wp:attachment":[{"href":"https:\/\/www.europesays.com\/ee\/wp-json\/wp\/v2\/media?parent=107657"}],"wp:term":[{"taxonomy":"category","embeddable":true,"href":"https:\/\/www.europesays.com\/ee\/wp-json\/wp\/v2\/categories?post=107657"},{"taxonomy":"post_tag","embeddable":true,"href":"https:\/\/www.europesays.com\/ee\/wp-json\/wp\/v2\/tags?post=107657"}],"curies":[{"name":"wp","href":"https:\/\/api.w.org\/{rel}","templated":true}]}}