{"id":107688,"date":"2026-02-13T22:11:09","date_gmt":"2026-02-13T22:11:09","guid":{"rendered":"https:\/\/www.europesays.com\/ee\/107688\/"},"modified":"2026-02-13T22:11:09","modified_gmt":"2026-02-13T22:11:09","slug":"dortmund-otsustas-mangu-esimeste-pealelookidega-ryerson-andis-neli-varavasootu-soccernet-ee","status":"publish","type":"post","link":"https:\/\/www.europesays.com\/ee\/107688\/","title":{"rendered":"Dortmund otsustas m\u00e4ngu esimeste pealel\u00f6\u00f6kidega, Ryerson andis neli v\u00e4ravas\u00f6\u00f6tu &#8211; Soccernet.ee"},"content":{"rendered":"<p><img decoding=\"async\" src=\"https:\/\/www.europesays.com\/ee\/wp-content\/uploads\/2026\/02\/1771019288.jpg\" alt=\"Julian Ryerson ja Serhou Guirassy m\u00e4ngu avav\u00e4ravat t\u00e4histamas. Foto: Scanpix \/ Bahho Kara \/ Imago \/ Kirchner-Media\"\/>&#13;\n<\/p>\n<p>Dortmundi Borussia teenis Saksamaa Bundesligas kuuenda j\u00e4rjestikuse v\u00f5idu, alistades Mainzi 4:0. K\u00f5igile neljale v\u00e4ravale andis tsenderdades resultatiivse s\u00f6\u00f6du Norra koondise paremkaitsja Julian Ryerson.<\/p>\n<p>Mainz oli v\u00f5itnud enne t\u00e4nast kolm liigam\u00e4ngu j\u00e4rjest, aga j\u00e4i t\u00e4na 0:2 kaotusseisu juba kohtumise esimese kahe pealel\u00f6\u00f6giga ning sealt enam tagasiteed ei tekkinud.&#13;\n<\/p>\n<p>Dortmund oli 15. liigam\u00e4ngu j\u00e4rjest selleks meeskonnaks, kes skooris oma kohtumises esimesena. V\u00f5rgu pani peaga Ryersoni karistusl\u00f6\u00f6gist sahisema Serhou Guirassy.&#13;\n<\/p>\n<p>Teise tabamuse vormistas peaga Maximilian Beier. Kolmanda v\u00e4rava puhul suunas norralase korneri j\u00e4llegi peaga v\u00f5rku Guirassy, kellel on n\u00fc\u00fcd kolme veebruarikuise liigam\u00e4nguga kirjas viis tabamust. Avapoolaja j\u00e4rel juhtis Dortmund 3:0.<\/p>\n<blockquote class=\"twitter-tweet\"><p>&#13;<\/p>\n<p lang=\"en\" dir=\"ltr\">3 \u2013 Julian Ryerson is the first Dortmund player since det. data collection in 2004-05 to register three assists in the first half of a Bundesliga match. He had never before provided more than one goal in a Bundesliga match. Cross-King. <a href=\"https:\/\/t.co\/eniKbUWtoA\" rel=\"nofollow\">pic.twitter.com\/eniKbUWtoA<\/a>&#13;<br \/>\n\u2014 OptaFranz (@OptaFranz) <a href=\"https:\/\/twitter.com\/OptaFranz\/status\/2022408381810762135?ref_src=twsrc%5Etfw\" rel=\"nofollow noopener\" target=\"_blank\">February 13, 2026<\/a><\/p>\n<\/blockquote>\n<p>Neljas v\u00e4rav s\u00fcndis taas Ryersoni korneri j\u00e4rel, selle autoriks oli Ramy Bensebaini.&#13;\n<\/p>\n<p>Bundesligas teisel kohal paiknev Dortmund v\u00e4hendas vahe liider M\u00fcncheni Bayerniga hetkel kolmepunktiliseks. Bayern peab oma selle vooru kohtumise homme Karl Jakob Heina koduklubi Bremeni Werderi vastu. Mainz asub 14. positsioonil.&#13;\n<\/p>\n<p>          <script async src=\"https:\/\/platform.twitter.com\/widgets.js\" charset=\"utf-8\"><\/script><\/p>\n","protected":false},"excerpt":{"rendered":"&#13; Dortmundi Borussia teenis Saksamaa Bundesligas kuuenda j\u00e4rjestikuse v\u00f5idu, alistades Mainzi 4:0. K\u00f5igile neljale v\u00e4ravale andis tsenderdades resultatiivse&hellip;\n","protected":false},"author":2,"featured_media":107689,"comment_status":"","ping_status":"","sticky":false,"template":"","format":"standard","meta":{"footnotes":"","_share_on_mastodon":"0"},"categories":[18],"tags":[527,5174,1705,37,33,35,34,36,537,1259,159,158],"class_list":["post-107688","post","type-post","status-publish","format-standard","has-post-thumbnail","category-sport","tag-bundesliga","tag-dortmund","tag-dortmundi-borussia","tag-ee","tag-eesti","tag-eesti-keel","tag-estonia","tag-estonian","tag-mainz","tag-saksamaa-korgliiga","tag-sport","tag-sports"],"share_on_mastodon":{"url":"https:\/\/pubeurope.com\/@ee\/116065618027121963","error":""},"_links":{"self":[{"href":"https:\/\/www.europesays.com\/ee\/wp-json\/wp\/v2\/posts\/107688","targetHints":{"allow":["GET"]}}],"collection":[{"href":"https:\/\/www.europesays.com\/ee\/wp-json\/wp\/v2\/posts"}],"about":[{"href":"https:\/\/www.europesays.com\/ee\/wp-json\/wp\/v2\/types\/post"}],"author":[{"embeddable":true,"href":"https:\/\/www.europesays.com\/ee\/wp-json\/wp\/v2\/users\/2"}],"replies":[{"embeddable":true,"href":"https:\/\/www.europesays.com\/ee\/wp-json\/wp\/v2\/comments?post=107688"}],"version-history":[{"count":0,"href":"https:\/\/www.europesays.com\/ee\/wp-json\/wp\/v2\/posts\/107688\/revisions"}],"wp:featuredmedia":[{"embeddable":true,"href":"https:\/\/www.europesays.com\/ee\/wp-json\/wp\/v2\/media\/107689"}],"wp:attachment":[{"href":"https:\/\/www.europesays.com\/ee\/wp-json\/wp\/v2\/media?parent=107688"}],"wp:term":[{"taxonomy":"category","embeddable":true,"href":"https:\/\/www.europesays.com\/ee\/wp-json\/wp\/v2\/categories?post=107688"},{"taxonomy":"post_tag","embeddable":true,"href":"https:\/\/www.europesays.com\/ee\/wp-json\/wp\/v2\/tags?post=107688"}],"curies":[{"name":"wp","href":"https:\/\/api.w.org\/{rel}","templated":true}]}}