{"id":107709,"date":"2026-02-13T22:43:06","date_gmt":"2026-02-13T22:43:06","guid":{"rendered":"https:\/\/www.europesays.com\/ee\/107709\/"},"modified":"2026-02-13T22:43:06","modified_gmt":"2026-02-13T22:43:06","slug":"klops-beyonce-pikad-kiharad-on-minevik-popstaar-volus-oma-fanne-luhikeste-juustega","status":"publish","type":"post","link":"https:\/\/www.europesays.com\/ee\/107709\/","title":{"rendered":"KL\u00d5PS | Beyonc\u00e9 pikad kiharad on minevik! Popstaar v\u00f5lus oma f\u00e4nne l\u00fchikeste juustega"},"content":{"rendered":"<p>Popstaar Beyonc\u00e9 n\u00e4itas t\u00e4na Instagramis, et on oma juuksestiili muutnud. Kui muidu oli lauljatar tuntud oma lopsakalt pikkade kiharate poolest, siis n\u00fc\u00fcd rokib ta bob-stiilis soengut. <\/p>\n<p>Beyonc\u00e9 n\u00e4itas oma uut soengut kuue pildiga, kus poseeris nii rohekas mantlis kui ka kreemikat tooni pluusis. \u00dche foto juures oli n\u00e4ha ka kuup\u00e4eva 8. veebruar 2026. Samal p\u00e4eval toimus Ameerika \u00dchendriikides p\u00f5nev Super Bowli finaal ning Beyonc\u00e9 viitas oma postituses samuti m\u00e4ngup\u00e4evale. <\/p>\n<p>Beyonc\u00e9 on sotsiaalmeedias ja avalikkuses v\u00f5rdlemisi vaikne viimastel kuudel, seega oli tema f\u00e4nnid v\u00e4ga r\u00f5\u00f5msad, kui n\u00e4gid popstaari v\u00e4rsket soengut. Tema uute kiharate postitus on seni p\u00e4lvinud \u00fcle 1,7 miljoni meeldimise ning Beyonc\u00e9 postitusel on \u00fcle 50 000 kommentaari.<\/p>\n<p>Lauljatari f\u00e4nnid on tema uuest soengust v\u00f5lutud. \u201eArmastan su uut soengut,\u201c kirjutas \u00fcks f\u00e4nn. \u201eNeed juuksed,\u201c oli teinegi kirjutaja v\u00f5lutud Beyonc\u00e9 kiharatest. \u201eL\u00f5ikan ka endale sellise soengu,\u201c s\u00f5nas kolmas kommenteerija. <\/p>\n<p>Kuigi Beyonc\u00e9 ei j\u00e4\u00e4nud Super Bowlil ise kaamerate ette ning ka f\u00e4nnid ei silmanud teda, olid tema abikaasa ja lapsed m\u00e4ngueelsel s\u00fcndmusel kohal, kirjutab Page Six. <\/p>\n<p>Kuidas see lugu Sind end tundma pani? Saada <a href=\"https:\/\/kroonika.delfi.ee\/artikkel\/120436124\/klops-beyonce-pikad-kiharad-on-minevik-popstaar-volus-oma-fanne-luhikeste-juustega\/kommentaarid\" class=\"article-body-bottom__comment article-body-bottom__comment--write button button--primary button--size-auto\" rel=\"nofollow noopener\" target=\"_blank\"> Kommenteeri <\/a><a href=\"https:\/\/kroonika.delfi.ee\/artikkel\/120436124\/klops-beyonce-pikad-kiharad-on-minevik-popstaar-volus-oma-fanne-luhikeste-juustega\/kommentaarid\" class=\"article-body-bottom__comment article-body-bottom__comment--read button button--size-auto\" rel=\"nofollow noopener\" target=\"_blank\"> Loe kommentaare (7)<\/a><\/p>\n","protected":false},"excerpt":{"rendered":"Popstaar Beyonc\u00e9 n\u00e4itas t\u00e4na Instagramis, et on oma juuksestiili muutnud. Kui muidu oli lauljatar tuntud oma lopsakalt pikkade&hellip;\n","protected":false},"author":2,"featured_media":107710,"comment_status":"","ping_status":"","sticky":false,"template":"","format":"standard","meta":{"footnotes":"","_share_on_mastodon":"0"},"categories":[91],"tags":[830,240,37,33,35,173,34,36,241,140],"class_list":["post-107709","post","type-post","status-publish","format-standard","has-post-thumbnail","category-kuulsused","tag-beyonce","tag-celebrities","tag-ee","tag-eesti","tag-eesti-keel","tag-entertainment","tag-estonia","tag-estonian","tag-kuulsused","tag-meelelahutus"],"share_on_mastodon":{"url":"https:\/\/pubeurope.com\/@ee\/116065743844887175","error":""},"_links":{"self":[{"href":"https:\/\/www.europesays.com\/ee\/wp-json\/wp\/v2\/posts\/107709","targetHints":{"allow":["GET"]}}],"collection":[{"href":"https:\/\/www.europesays.com\/ee\/wp-json\/wp\/v2\/posts"}],"about":[{"href":"https:\/\/www.europesays.com\/ee\/wp-json\/wp\/v2\/types\/post"}],"author":[{"embeddable":true,"href":"https:\/\/www.europesays.com\/ee\/wp-json\/wp\/v2\/users\/2"}],"replies":[{"embeddable":true,"href":"https:\/\/www.europesays.com\/ee\/wp-json\/wp\/v2\/comments?post=107709"}],"version-history":[{"count":0,"href":"https:\/\/www.europesays.com\/ee\/wp-json\/wp\/v2\/posts\/107709\/revisions"}],"wp:featuredmedia":[{"embeddable":true,"href":"https:\/\/www.europesays.com\/ee\/wp-json\/wp\/v2\/media\/107710"}],"wp:attachment":[{"href":"https:\/\/www.europesays.com\/ee\/wp-json\/wp\/v2\/media?parent=107709"}],"wp:term":[{"taxonomy":"category","embeddable":true,"href":"https:\/\/www.europesays.com\/ee\/wp-json\/wp\/v2\/categories?post=107709"},{"taxonomy":"post_tag","embeddable":true,"href":"https:\/\/www.europesays.com\/ee\/wp-json\/wp\/v2\/tags?post=107709"}],"curies":[{"name":"wp","href":"https:\/\/api.w.org\/{rel}","templated":true}]}}