{"id":107743,"date":"2026-02-14T00:32:11","date_gmt":"2026-02-14T00:32:11","guid":{"rendered":"https:\/\/www.europesays.com\/ee\/107743\/"},"modified":"2026-02-14T00:32:11","modified_gmt":"2026-02-14T00:32:11","slug":"aruanne-lugejale-%e2%9f%a9-silver-soomre-traditsioonidele-toetudes-tulevikku-vaadates","status":"publish","type":"post","link":"https:\/\/www.europesays.com\/ee\/107743\/","title":{"rendered":"ARUANNE LUGEJALE \u27e9 Silver Soomre: Traditsioonidele toetudes, tulevikku vaadates"},"content":{"rendered":"<p>Muutuvas meediamaailmas on ajakirjanduse \u00fclesanne olla kindel orientiir, mis aitab lugejal eristada olulist ebaolulisest ja t\u00f5de n\u00e4ilisusest, kirjutab Postimees Grupi juhatuse esimees Silver Soomre.<\/p>\n<p>Muutuvas meediamaailmas on ajakirjanduse \u00fclesanne olla kindel orientiir, mis aitab lugejal eristada olulist ebaolulisest ja t\u00f5de n\u00e4ilisusest, kirjutab Postimees Grupi juhatuse esimees Silver Soomre.<\/p>\n","protected":false},"excerpt":{"rendered":"Muutuvas meediamaailmas on ajakirjanduse \u00fclesanne olla kindel orientiir, mis aitab lugejal eristada olulist ebaolulisest ja t\u00f5de n\u00e4ilisusest, kirjutab&hellip;\n","protected":false},"author":2,"featured_media":107744,"comment_status":"","ping_status":"","sticky":false,"template":"","format":"standard","meta":{"footnotes":"","_share_on_mastodon":"0"},"categories":[5],"tags":[26,27,26117,37,33,26385,35,34,36,3158,31,32,21,17447,28,29,51387,19,254,341,25,1721,51386,8454,23,24,22,20,30],"class_list":["post-107743","post","type-post","status-publish","format-standard","has-post-thumbnail","category-uldised-uudised","tag-breaking-news","tag-breakingnews","tag-digitellimus","tag-ee","tag-eesti","tag-eesti-ajakirjandus","tag-eesti-keel","tag-estonia","tag-estonian","tag-faktikontroll","tag-featured-news","tag-featurednews","tag-headlines","tag-kuberohud","tag-latest-news","tag-latestnews","tag-meedia-soltumatus","tag-news","tag-omniva","tag-paberleht","tag-populaarseimad-lood","tag-postimees","tag-postimees-app","tag-postimees-grupp","tag-top-stories","tag-topstories","tag-uldised-uudised","tag-uudised","tag-viimased-uudised"],"share_on_mastodon":{"url":"https:\/\/pubeurope.com\/@ee\/116066172412178574","error":""},"_links":{"self":[{"href":"https:\/\/www.europesays.com\/ee\/wp-json\/wp\/v2\/posts\/107743","targetHints":{"allow":["GET"]}}],"collection":[{"href":"https:\/\/www.europesays.com\/ee\/wp-json\/wp\/v2\/posts"}],"about":[{"href":"https:\/\/www.europesays.com\/ee\/wp-json\/wp\/v2\/types\/post"}],"author":[{"embeddable":true,"href":"https:\/\/www.europesays.com\/ee\/wp-json\/wp\/v2\/users\/2"}],"replies":[{"embeddable":true,"href":"https:\/\/www.europesays.com\/ee\/wp-json\/wp\/v2\/comments?post=107743"}],"version-history":[{"count":0,"href":"https:\/\/www.europesays.com\/ee\/wp-json\/wp\/v2\/posts\/107743\/revisions"}],"wp:featuredmedia":[{"embeddable":true,"href":"https:\/\/www.europesays.com\/ee\/wp-json\/wp\/v2\/media\/107744"}],"wp:attachment":[{"href":"https:\/\/www.europesays.com\/ee\/wp-json\/wp\/v2\/media?parent=107743"}],"wp:term":[{"taxonomy":"category","embeddable":true,"href":"https:\/\/www.europesays.com\/ee\/wp-json\/wp\/v2\/categories?post=107743"},{"taxonomy":"post_tag","embeddable":true,"href":"https:\/\/www.europesays.com\/ee\/wp-json\/wp\/v2\/tags?post=107743"}],"curies":[{"name":"wp","href":"https:\/\/api.w.org\/{rel}","templated":true}]}}