{"id":107822,"date":"2026-02-14T07:04:11","date_gmt":"2026-02-14T07:04:11","guid":{"rendered":"https:\/\/www.europesays.com\/ee\/107822\/"},"modified":"2026-02-14T07:04:11","modified_gmt":"2026-02-14T07:04:11","slug":"sporti-lapsepolvest-kiindunud-ida-virumaa-juurtega-olumpiakomitee-asepresident-innustab-eestimaalasi-liikuma","status":"publish","type":"post","link":"https:\/\/www.europesays.com\/ee\/107822\/","title":{"rendered":"Sporti lapsep\u00f5lvest kiindunud Ida-Virumaa juurtega ol\u00fcmpiakomitee asepresident innustab eestimaalasi liikuma"},"content":{"rendered":"<p>Alutaguse maratonide eelsel reede \u00f5htul kella \u00fcheksa paiku on Eesti ol\u00fcmpiakomitee asepresidendi Tiit Peki energiavarud silman\u00e4htavalt otsakorral. Selja taga on pikk p\u00e4ev Alutaguse metsas Kurtna j\u00e4rvede vahel, kus Tiit Pekk k\u00e4is l\u00e4bi kogu maratoniringi ning torkas selle \u00e4\u00e4rde helkurposte, et \u00f6\u00f6maratonil osalejate pealampidest langevad valgusvihud pimeduses \u00f5iget teed n\u00e4itaksid ja k\u00f5ditava emotsiooni sellest ainulaadsest suusas\u00f5idust tekitaks. Aga spordist ja oma elust r\u00e4\u00e4kides on Pekk v\u00e4simusele vaatamata sama kirglik nagu aastak\u00fcmneid tagasi, mil ta televisioonis suusav\u00f5istluste otse\u00fclekandeid koos legendaarse Lembitu Kuusega kommenteeris.<\/p>\n<p>Mis v\u00e4gi toob teid mitmeks p\u00e4evaks Alutaguse metsadesse selle nimel, et need suusatajad, kes n\u00e4dalavahetusel Alutaguse maratonile tulevad, end rajal v\u00f5imalikult h\u00e4sti tunneksid?<\/p>\n","protected":false},"excerpt":{"rendered":"Alutaguse maratonide eelsel reede \u00f5htul kella \u00fcheksa paiku on Eesti ol\u00fcmpiakomitee asepresidendi Tiit Peki energiavarud silman\u00e4htavalt otsakorral. Selja&hellip;\n","protected":false},"author":2,"featured_media":107823,"comment_status":"","ping_status":"","sticky":false,"template":"","format":"standard","meta":{"footnotes":"","_share_on_mastodon":"0"},"categories":[18],"tags":[51424,37,33,35,34,36,51425,11336,159,158,9930],"class_list":["post-107822","post","type-post","status-publish","format-standard","has-post-thumbnail","category-sport","tag-alutaguse-maratonid","tag-ee","tag-eesti","tag-eesti-keel","tag-estonia","tag-estonian","tag-kurtna-jarved","tag-olumpiakomitee","tag-sport","tag-sports","tag-tiit-pekk"],"share_on_mastodon":{"url":"https:\/\/pubeurope.com\/@ee\/116067713857092955","error":""},"_links":{"self":[{"href":"https:\/\/www.europesays.com\/ee\/wp-json\/wp\/v2\/posts\/107822","targetHints":{"allow":["GET"]}}],"collection":[{"href":"https:\/\/www.europesays.com\/ee\/wp-json\/wp\/v2\/posts"}],"about":[{"href":"https:\/\/www.europesays.com\/ee\/wp-json\/wp\/v2\/types\/post"}],"author":[{"embeddable":true,"href":"https:\/\/www.europesays.com\/ee\/wp-json\/wp\/v2\/users\/2"}],"replies":[{"embeddable":true,"href":"https:\/\/www.europesays.com\/ee\/wp-json\/wp\/v2\/comments?post=107822"}],"version-history":[{"count":0,"href":"https:\/\/www.europesays.com\/ee\/wp-json\/wp\/v2\/posts\/107822\/revisions"}],"wp:featuredmedia":[{"embeddable":true,"href":"https:\/\/www.europesays.com\/ee\/wp-json\/wp\/v2\/media\/107823"}],"wp:attachment":[{"href":"https:\/\/www.europesays.com\/ee\/wp-json\/wp\/v2\/media?parent=107822"}],"wp:term":[{"taxonomy":"category","embeddable":true,"href":"https:\/\/www.europesays.com\/ee\/wp-json\/wp\/v2\/categories?post=107822"},{"taxonomy":"post_tag","embeddable":true,"href":"https:\/\/www.europesays.com\/ee\/wp-json\/wp\/v2\/tags?post=107822"}],"curies":[{"name":"wp","href":"https:\/\/api.w.org\/{rel}","templated":true}]}}