{"id":107911,"date":"2026-02-14T09:40:06","date_gmt":"2026-02-14T09:40:06","guid":{"rendered":"https:\/\/www.europesays.com\/ee\/107911\/"},"modified":"2026-02-14T09:40:06","modified_gmt":"2026-02-14T09:40:06","slug":"tesla-on-puudnud-kaks-aastat-laadimisjaamu-elektrivorguga-uhendada-kohus-otsustas-nuud-nende-vastu","status":"publish","type":"post","link":"https:\/\/www.europesays.com\/ee\/107911\/","title":{"rendered":"Tesla on p\u00fc\u00fcdnud kaks aastat laadimisjaamu elektriv\u00f5rguga \u00fchendada. Kohus otsustas n\u00fc\u00fcd nende vastu"},"content":{"rendered":"<p>Tesla on pikalt p\u00fc\u00fcdnud leida Rootsis v\u00f5imalust oma Supercharger laadimisjaamade \u00fchendamiseks elektriga. Need on olemas, \u00fcles pandud, aga \u00fchendamata. Praegu t\u00f6\u00f6tavad vaid v\u00e4hesed. \u00dchendamine on juba kaks aastat viibinud konflikti t\u00f5ttu ameti\u00fchingutega. <\/p>\n<p>Ljungby Supercharger oli \u00fcks esimesi laadimisjaamu, millele keelati v\u00f5rgule juurdep\u00e4\u00e4s p\u00e4rast seda, kui IF Metall alustas 2023. aasta l\u00f5pus <a rel=\"noopener nofollow\" target=\"_blank\" href=\"https:\/\/www.delfi.ee\/teema\/26936555\/streik\" tag-id=\"26936555\">streiki<\/a> Tesla Rootsi vastu. Kohaliku v\u00f5rguoperaatori Ljungby Energin\u00e4t elektrikud kaasati Seko ameti\u00fchingu solidaarsusstreiki, mis takistas jaama \u00fchendamist.<\/p>\n<p>P\u00f5hiprobleem seisneb selles, et Tesla keeldub allkirjastamast kollektiivlepingut IF Metalliga. Rootsis on need lepingud norm. Tesla maksab oma t\u00f6\u00f6tajatele aga head palka ja tundub, et paljud tema Rootsi t\u00f6\u00f6tajad ei soovi kollektiivlepingut allkirjastada, sest nad kaotaksid sellega palju. Aasta tagasi toimusid \u00fched suurimad streigid. T\u00f6\u00f6tajad kandsid veste, millel on kiri \u201eTack, det \u04d3r bra\u201c \u2013 \u201eAit\u00e4h, mul on k\u00f5ik h\u00e4sti\u201c.<\/p>\n<p>Streik laienes kiiresti \u2013 \u00fchinesid maalerid, tarnijad, elektrikud, postit\u00f6\u00f6tajad ja paljud teised ameti\u00fchingusse kuuluvad organisatsioonid Rootsis, kuid ka Norras, Soomes ja Taanis. Nende riikide sadamat\u00f6\u00f6lised takistasid Tesla autode piiri\u00fclest tarnimist. Rootsi postit\u00f6\u00f6tajad on samuti takistanud numbritahvlite tarnimist Tesla omanikele, <a rel=\"noopener follow nofollow\" target=\"_blank\" href=\"https:\/\/www.euronews.com\/business\/2025\/01\/07\/us-based-tesla-manager-blames-trade-unions-for-swedish-charging-chaos\" data-rel-date-range=\"[]\">kirjutas Euronews mullu<\/a>.<\/p>\n<p>Tesla teatas siis nii Ljungby Energin\u00e4tist kui ka teisest operaatorist Rootsi energiaturu inspektsioonile, v\u00e4ites, et v\u00f5rguoperaatorid ei t\u00e4itnud oma seaduslikku kohustust \u00fchendada asukoht m\u00f5istliku aja jooksul. Kuid ametiasutus keeldus eelmisel s\u00fcgisel.<\/p>\n<p>Tesla ei andnud alla, vaid viis juhtumi Link\u00f6pingi halduskohtusse, v\u00e4ites, et tal on \u00f5igus \u00fchendusele m\u00f5istliku aja jooksul, tavaliselt mitte rohkem kui kahe aasta jooksul. Tesla Rootsi v\u00e4itis ka, et riigi elektriseadus on vastuolus ELi \u00f5igusega. Kohus l\u00fckkas need argumendid tagasi.<\/p>\n<p>Kohus otsustas, et Tesla Rootsi vastu k\u00e4imasolev ameti\u00fchingu streik on Superchargeri \u00fchenduse viivituse p\u00f5hjendatud p\u00f5hjus, nagu m\u00e4rgiti <a rel=\"noopener follow nofollow\" target=\"_blank\" href=\"https:\/\/alltomelbil.se\/fortsatt-stromlost-for-tesla-superchargers-pa-grund-av-strejken-beslutar-domstol\/\" data-rel-date-range=\"[]\">Allt Om Elbil raportis<\/a>. <\/p>\n<p>\u201eOn positiivne, et need eeskirjad, mis meie arvates on selged ja \u00fchem\u00f5ttelised, on kohtus Tesla vastu kinnitatud, kes n\u00e4ib olevat raskustes Rootsi tavap\u00e4rase praktika j\u00e4rgimisega,\u201c \u00fctleb Seko ombudsman Nick Fortgens.<\/p>\n<p>Seko ameti\u00fchingu esindaja Nick Fortgens leiab, et kohtuotsus oli ettearvatav. N\u00fc\u00fcd j\u00e4\u00e4b \u00fcle oodata, kas Tesla esitab apellatsioonkaebuse.<\/p>\n<p>\u201eOn positiivne, et need reeglid, mis meie arvates on selged ja \u00fchem\u00f5ttelised, on kohtus Tesla vastu kinnitatud, kes n\u00e4ib olevat raskustes Rootsi tavap\u00e4raste tavade j\u00e4rgimisega,\u201c \u00fctleb ta.<\/p>\n<p>Ta usub, et Tesla kaebab otsuse edasi. Siiski ei usu ta, et tulemus muutuks k\u00f5rgemas kohtus. \u201eOleme algusest peale olnud seisukohal, et see on p\u00f5hiseadusega kaitstud. Ma ei usu, et see muutub, aga kohtus ei tea kunagi,\u201c \u00fctleb ta.<\/p>\n<p>Kuidas see lugu Sind end tundma pani? Saada <a href=\"https:\/\/forte.delfi.ee\/artikkel\/120436122\/tesla-on-puudnud-kaks-aastat-laadimisjaamu-elektrivorguga-uhendada-kohus-otsustas-nuud-nende-vastu\/kommentaarid\" class=\"article-body-bottom__comment article-body-bottom__comment--write button button--primary button--size-auto\" rel=\"nofollow noopener\" target=\"_blank\"> Kommenteeri <\/a><a href=\"https:\/\/forte.delfi.ee\/artikkel\/120436122\/tesla-on-puudnud-kaks-aastat-laadimisjaamu-elektrivorguga-uhendada-kohus-otsustas-nuud-nende-vastu\/kommentaarid\" class=\"article-body-bottom__comment article-body-bottom__comment--read button button--size-auto\" rel=\"nofollow noopener\" target=\"_blank\"> Loe kommentaare (1)<\/a><\/p>\n","protected":false},"excerpt":{"rendered":"Tesla on pikalt p\u00fc\u00fcdnud leida Rootsis v\u00f5imalust oma Supercharger laadimisjaamade \u00fchendamiseks elektriga. Need on olemas, \u00fcles pandud, aga&hellip;\n","protected":false},"author":2,"featured_media":107912,"comment_status":"","ping_status":"","sticky":false,"template":"","format":"standard","meta":{"footnotes":"","_share_on_mastodon":"0"},"categories":[80],"tags":[26,27,37,33,35,34,36,31,32,21,28,29,95,19,25,1262,2226,23,24,22,20,30,92,93,94],"class_list":["post-107911","post","type-post","status-publish","format-standard","has-post-thumbnail","category-maailm","tag-breaking-news","tag-breakingnews","tag-ee","tag-eesti","tag-eesti-keel","tag-estonia","tag-estonian","tag-featured-news","tag-featurednews","tag-headlines","tag-latest-news","tag-latestnews","tag-maailm","tag-news","tag-populaarseimad-lood","tag-streik","tag-tesla","tag-top-stories","tag-topstories","tag-uldised-uudised","tag-uudised","tag-viimased-uudised","tag-world","tag-world-news","tag-worldnews"],"share_on_mastodon":{"url":"https:\/\/pubeurope.com\/@ee\/116068327352670116","error":""},"_links":{"self":[{"href":"https:\/\/www.europesays.com\/ee\/wp-json\/wp\/v2\/posts\/107911","targetHints":{"allow":["GET"]}}],"collection":[{"href":"https:\/\/www.europesays.com\/ee\/wp-json\/wp\/v2\/posts"}],"about":[{"href":"https:\/\/www.europesays.com\/ee\/wp-json\/wp\/v2\/types\/post"}],"author":[{"embeddable":true,"href":"https:\/\/www.europesays.com\/ee\/wp-json\/wp\/v2\/users\/2"}],"replies":[{"embeddable":true,"href":"https:\/\/www.europesays.com\/ee\/wp-json\/wp\/v2\/comments?post=107911"}],"version-history":[{"count":0,"href":"https:\/\/www.europesays.com\/ee\/wp-json\/wp\/v2\/posts\/107911\/revisions"}],"wp:featuredmedia":[{"embeddable":true,"href":"https:\/\/www.europesays.com\/ee\/wp-json\/wp\/v2\/media\/107912"}],"wp:attachment":[{"href":"https:\/\/www.europesays.com\/ee\/wp-json\/wp\/v2\/media?parent=107911"}],"wp:term":[{"taxonomy":"category","embeddable":true,"href":"https:\/\/www.europesays.com\/ee\/wp-json\/wp\/v2\/categories?post=107911"},{"taxonomy":"post_tag","embeddable":true,"href":"https:\/\/www.europesays.com\/ee\/wp-json\/wp\/v2\/tags?post=107911"}],"curies":[{"name":"wp","href":"https:\/\/api.w.org\/{rel}","templated":true}]}}