{"id":108080,"date":"2026-02-14T14:24:09","date_gmt":"2026-02-14T14:24:09","guid":{"rendered":"https:\/\/www.europesays.com\/ee\/108080\/"},"modified":"2026-02-14T14:24:09","modified_gmt":"2026-02-14T14:24:09","slug":"teatesoidus-kukkunud-ebba-andersson-laskumisel-olin-argpuks-see-oli-oudusunenagu","status":"publish","type":"post","link":"https:\/\/www.europesays.com\/ee\/108080\/","title":{"rendered":"Teates\u00f5idus kukkunud Ebba Andersson: laskumisel olin argp\u00fcks, see oli \u00f5udusunen\u00e4gu"},"content":{"rendered":"<p>Rootsi naiskond langes selle \u00e4parduse tagaj\u00e4rel kaheksandaks, kuid <a rel=\"noopener nofollow\" target=\"_blank\" href=\"https:\/\/www.delfi.ee\/teema\/88229611\/frida-karlsson\" tag-id=\"88229611\">Frida Karlsson<\/a> ja Jonna Sundling suutsid kahe viimase vahetusega rootslannad siiski h\u00f5bedale t\u00f5sta. Kulla sai Norra (Kristin Austgulen Fosn\u00e6s, Astrid \u00d8yre Slind, Karoline Simpson-Larsen, Heidi Weng) ja pronksi Soome (Johanna Matintalo, Kerttu Niskanen, Vilma Ryytty, Jasmi Joensuu).<\/p>\n<p>Eba\u00f5nnes\u00f5dur Andersson s\u00f5nas v\u00f5istluse j\u00e4rel SVT-le, et tegemist oli t\u00f5elise \u00f5udusunen\u00e4oga.<\/p>\n<p>\u201eSportlasena pead sa seda \u00f5udusunen\u00e4oks. Olin laskumisel pisut argp\u00fcks ja j\u00e4rgmisel hetkel kukkusin pikali. Siis tekkis v\u00e4ike kriis ja paanika,\u201c tunnistas Andersso dramaatilise teates\u00f5idu j\u00e4rel. <\/p>\n<p>\u201eMul \u00f5nnestus j\u00f5uda meie koondise esindaja juurde, kes mulle uue suusa t\u00f5i ning \u00fcritasin tekkinud suurt kaotust natuke v\u00e4hendada. See polnud see, mida ma v\u00f5istluselt ootasin, ja on uskumatult kurb oma meeskonnakaaslasi sellisesse olukorda t\u00f5mmata,\u201c kahetses Andersson.<\/p>\n<p>\u201eMinu meeskonnakaaslased esinesid v\u00e4ga h\u00e4sti. Mina ei olnud t\u00e4na tasemel. See teeb mu s\u00fcdamele haiget,\u201c lisas ta. <\/p>\n<p>Rootsi suusakoondise m\u00e4ned\u017eer Stefan Thomson ei varjanud oma pettumust: \u201eMe olime siin, et v\u00f5idelda kulla eest, aga siis juhtus see, mis juhtus&#8230; P\u00e4rast seda peaksime olema \u00f5nnelikud, et saime h\u00f5beda.\u201c<\/p>\n<p>Kuidas see lugu Sind end tundma pani? Saada <a href=\"https:\/\/sport.delfi.ee\/artikkel\/120436232\/teatesoidus-kukkunud-ebba-andersson-laskumisel-olin-argpuks-see-oli-oudusunenagu\/kommentaarid\" class=\"article-body-bottom__comment article-body-bottom__comment--write button button--primary button--size-auto\" rel=\"nofollow noopener\" target=\"_blank\"> Kommenteeri <\/a><a href=\"https:\/\/sport.delfi.ee\/artikkel\/120436232\/teatesoidus-kukkunud-ebba-andersson-laskumisel-olin-argpuks-see-oli-oudusunenagu\/kommentaarid\" class=\"article-body-bottom__comment article-body-bottom__comment--read button button--size-auto\" rel=\"nofollow noopener\" target=\"_blank\"> Loe kommentaare (1)<\/a><\/p>\n","protected":false},"excerpt":{"rendered":"Rootsi naiskond langes selle \u00e4parduse tagaj\u00e4rel kaheksandaks, kuid Frida Karlsson ja Jonna Sundling suutsid kahe viimase vahetusega rootslannad&hellip;\n","protected":false},"author":2,"featured_media":108081,"comment_status":"","ping_status":"","sticky":false,"template":"","format":"standard","meta":{"footnotes":"","_share_on_mastodon":"0"},"categories":[18],"tags":[22621,37,33,35,34,36,8741,3311,3044,159,158],"class_list":["post-108080","post","type-post","status-publish","format-standard","has-post-thumbnail","category-sport","tag-ebba-andersson","tag-ee","tag-eesti","tag-eesti-keel","tag-estonia","tag-estonian","tag-frida-karlsson","tag-milano-cortina-taliolumpiamangud","tag-murdmaasuusatamine","tag-sport","tag-sports"],"share_on_mastodon":{"url":"https:\/\/pubeurope.com\/@ee\/116069444027523563","error":""},"_links":{"self":[{"href":"https:\/\/www.europesays.com\/ee\/wp-json\/wp\/v2\/posts\/108080","targetHints":{"allow":["GET"]}}],"collection":[{"href":"https:\/\/www.europesays.com\/ee\/wp-json\/wp\/v2\/posts"}],"about":[{"href":"https:\/\/www.europesays.com\/ee\/wp-json\/wp\/v2\/types\/post"}],"author":[{"embeddable":true,"href":"https:\/\/www.europesays.com\/ee\/wp-json\/wp\/v2\/users\/2"}],"replies":[{"embeddable":true,"href":"https:\/\/www.europesays.com\/ee\/wp-json\/wp\/v2\/comments?post=108080"}],"version-history":[{"count":0,"href":"https:\/\/www.europesays.com\/ee\/wp-json\/wp\/v2\/posts\/108080\/revisions"}],"wp:featuredmedia":[{"embeddable":true,"href":"https:\/\/www.europesays.com\/ee\/wp-json\/wp\/v2\/media\/108081"}],"wp:attachment":[{"href":"https:\/\/www.europesays.com\/ee\/wp-json\/wp\/v2\/media?parent=108080"}],"wp:term":[{"taxonomy":"category","embeddable":true,"href":"https:\/\/www.europesays.com\/ee\/wp-json\/wp\/v2\/categories?post=108080"},{"taxonomy":"post_tag","embeddable":true,"href":"https:\/\/www.europesays.com\/ee\/wp-json\/wp\/v2\/tags?post=108080"}],"curies":[{"name":"wp","href":"https:\/\/api.w.org\/{rel}","templated":true}]}}