{"id":108159,"date":"2026-02-14T17:46:12","date_gmt":"2026-02-14T17:46:12","guid":{"rendered":"https:\/\/www.europesays.com\/ee\/108159\/"},"modified":"2026-02-14T17:46:12","modified_gmt":"2026-02-14T17:46:12","slug":"norra-suusataht-saadeti-olumpialt-koju","status":"publish","type":"post","link":"https:\/\/www.europesays.com\/ee\/108159\/","title":{"rendered":"Norra suusat\u00e4ht saadeti ol\u00fcmpialt koju"},"content":{"rendered":"<p>27-aastane Skistad on Norra naistest parim sprinter. Mullusel MMil h\u00f5beda v\u00f5itnud sprindi\u00e4ss oli ol\u00fcmpia keerulisel rajal pisut raskustes ning piirdus l\u00f5puks viienda kohaga.<\/p>\n<p>See j\u00e4i tema ol\u00fcmpia ainsaks stardiks. Reedel teatas Norra telekanal TV2, et Skistad saadetakse ol\u00fcmpialt koju. Norra murdmaasuusakoondise m\u00e4ned\u017eer Per Elias Kalfoss ei andnud selget vastust, kas Skistad lahkus omal soovil v\u00f5i langetasid otsuse koondise treenerid.<\/p>\n<p>\u00abMa ei \u00fctle, mida ta t\u00e4pselt treeneriga r\u00e4\u00e4kis. Aga see on selge, et treenerid on need, kes m\u00e4\u00e4ravad, kes millisel distsipliinil v\u00f5istlevad,\u00bb \u00fctles Kalfoss.<\/p>\n<p>Ta j\u00e4tkas: \u00abR\u00e4\u00e4kisin temaga hommikul, enne kui ta lahkus. Tundus, et ta tundis kergendust. Parem on minna koju kui j\u00e4\u00e4da siin ootama, millal p\u00e4\u00e4sed v\u00f5istlusele.\u00bb<\/p>\n<p>Skistadi lahkumisega j\u00e4\u00e4b lahtiseks Norra naiste tiimisprindi koosseis, sest Skistad olnuks \u00fcks kahest v\u00f5istlejast.<\/p>\n<p>Skistad on sel hooajal v\u00f5itnud kaks sprindi MK-etappi. Tema osalusel teenis Norra paar Davosi etapi tiimisprindis kolmanda koha.<\/p>\n","protected":false},"excerpt":{"rendered":"27-aastane Skistad on Norra naistest parim sprinter. Mullusel MMil h\u00f5beda v\u00f5itnud sprindi\u00e4ss oli ol\u00fcmpia keerulisel rajal pisut raskustes&hellip;\n","protected":false},"author":2,"featured_media":108160,"comment_status":"","ping_status":"","sticky":false,"template":"","format":"standard","meta":{"footnotes":"","_share_on_mastodon":"0"},"categories":[5],"tags":[26,27,37,33,35,34,36,31,32,21,51534,28,29,4319,44071,19,1437,43212,25,23,24,22,20,30],"class_list":["post-108159","post","type-post","status-publish","format-standard","has-post-thumbnail","category-uldised-uudised","tag-breaking-news","tag-breakingnews","tag-ee","tag-eesti","tag-eesti-keel","tag-estonia","tag-estonian","tag-featured-news","tag-featurednews","tag-headlines","tag-kristine-stavas-skistad","tag-latest-news","tag-latestnews","tag-milano-cortina-olumpia","tag-murdmaa","tag-news","tag-norra","tag-olumpia-2026","tag-populaarseimad-lood","tag-top-stories","tag-topstories","tag-uldised-uudised","tag-uudised","tag-viimased-uudised"],"share_on_mastodon":{"url":"https:\/\/pubeurope.com\/@ee\/116070238278048462","error":""},"_links":{"self":[{"href":"https:\/\/www.europesays.com\/ee\/wp-json\/wp\/v2\/posts\/108159","targetHints":{"allow":["GET"]}}],"collection":[{"href":"https:\/\/www.europesays.com\/ee\/wp-json\/wp\/v2\/posts"}],"about":[{"href":"https:\/\/www.europesays.com\/ee\/wp-json\/wp\/v2\/types\/post"}],"author":[{"embeddable":true,"href":"https:\/\/www.europesays.com\/ee\/wp-json\/wp\/v2\/users\/2"}],"replies":[{"embeddable":true,"href":"https:\/\/www.europesays.com\/ee\/wp-json\/wp\/v2\/comments?post=108159"}],"version-history":[{"count":0,"href":"https:\/\/www.europesays.com\/ee\/wp-json\/wp\/v2\/posts\/108159\/revisions"}],"wp:featuredmedia":[{"embeddable":true,"href":"https:\/\/www.europesays.com\/ee\/wp-json\/wp\/v2\/media\/108160"}],"wp:attachment":[{"href":"https:\/\/www.europesays.com\/ee\/wp-json\/wp\/v2\/media?parent=108159"}],"wp:term":[{"taxonomy":"category","embeddable":true,"href":"https:\/\/www.europesays.com\/ee\/wp-json\/wp\/v2\/categories?post=108159"},{"taxonomy":"post_tag","embeddable":true,"href":"https:\/\/www.europesays.com\/ee\/wp-json\/wp\/v2\/tags?post=108159"}],"curies":[{"name":"wp","href":"https:\/\/api.w.org\/{rel}","templated":true}]}}