{"id":108191,"date":"2026-02-14T18:30:09","date_gmt":"2026-02-14T18:30:09","guid":{"rendered":"https:\/\/www.europesays.com\/ee\/108191\/"},"modified":"2026-02-14T18:30:09","modified_gmt":"2026-02-14T18:30:09","slug":"pm-olumpial-pm-olumpial-marten-liiv-jai-usa-uisupeol-statistiks-sest-hobujoude-lihtsalt-polnud-postimees-sport","status":"publish","type":"post","link":"https:\/\/www.europesays.com\/ee\/108191\/","title":{"rendered":"PM OL\u00dcMPIAL PM OL\u00dcMPIAL Marten Liiv j\u00e4i USA uisupeol statistiks, sest \u00abhobuj\u00f5ude lihtsalt polnud\u00bb &#8211; Postimees Sport"},"content":{"rendered":"<ol>\n<li><a href=\"https:\/\/news.google.com\/rss\/articles\/CBMiuAFBVV95cUxPSDdZSF9KdjVZTXMzVUpPaUM5SXRrR1Z2Sk5EdFFXWWVqZ3BuVlRCLXpiNFpfVy1JQnFLQlNOUHZOcm50TzZ6RmZWWVdJNjZfMHBFaEdlREpNcDdpV0FUX0t5MFdCR2NtMER5ak5kdG9GV0VyQ2k4SHZSdGpGS1ZfX2tsa05jV1p6eDhaSDY5VjJqcUVPWWJEbWZTUmc1M3RsQURKV3YxMllHdW91Q0dIWHZxUWVBb2NH?oc=5\" target=\"_blank\" rel=\"nofollow noopener\">PM OL\u00dcMPIAL PM OL\u00dcMPIAL Marten Liiv j\u00e4i USA uisupeol statistiks, sest \u00abhobuj\u00f5ude lihtsalt polnud\u00bb<\/a>&nbsp;&nbsp;Postimees Sport<\/li>\n<li><a href=\"https:\/\/news.google.com\/rss\/articles\/CBMivwFBVV95cUxOMjRoZVV3Vng2WC15SFEwTDNfNGpKRU83clRuaTJrUjJUamNjUlJLS0lJaDMwRTlzYTRLZmlPcjdveDRrNlhZXy0yektwRVRxM1pPZGFEeDM5cnNQMlByejRROEhzQmxPbEstdzZ5MWtiUUdLc0ZITDU1ZG9hS2NLMFNSa0gtcHN4eURNd2RLbGFTRzFfdEE2R1U4OXRLbWFIdE9WR2VtM2x6bUlaRURqM2lfVFo0MWM2bE1oUGlJMA?oc=5\" target=\"_blank\" rel=\"nofollow noopener\">BLOGI \u27e9 Marten Liivil l\u00e4ks aia taha ka ol\u00fcmpia l\u00fchem distants, v\u00f5idumees s\u00f5itis v\u00f5imsa aja<\/a>&nbsp;&nbsp;Postimees Sport<\/li>\n<li><a href=\"https:\/\/news.google.com\/rss\/articles\/CBMijgFBVV95cUxNdWo4QnhKWERkM2dTWGk1OU1DUlZ0RWc4SkdhZ0t2Rjd4eVdiVHRyTDBSUW01S2wyUUtkb3lTalkzSGg2R21yY1huaWVXWDhfTUhUcFdrNFBDUGZYZ05jay1YMEdJYnY4RUNad1E4cnVMR2VDQTBtZmM2V0U2UkVFWmFxYThsMDZkd19ocXZn?oc=5\" target=\"_blank\" rel=\"nofollow noopener\">VAATA OTSE | Kas l\u00fchem distants toob Liivile rohkem edu?<\/a>&nbsp;&nbsp;sport | ERR<\/li>\n<li><a href=\"https:\/\/news.google.com\/rss\/articles\/CBMimAFBVV95cUxOS3J4b0cyRWI1U2N6dEstdXM2bFhONXJpMU03VUNRVFdGWDBIQzFQM19ld3NrMEJBa0N1TEZjeF9OeHVaSEstektSZDFTSjVhRTNRMEZ2YkJUOEFTRTM0WFo5VDdyMWkwS2FybHoxckhFekRacF9vTFJxRkhSLXExTTdXdy1ydFgyd2s1RDZLZ3A1Uld1ZFZ5bQ?oc=5\" target=\"_blank\" rel=\"nofollow noopener\">FOTOD | 1000 meetris teise k\u00fcmne keskele j\u00e4\u00e4nud Marten Liiv: v\u00f5ib \u00f6elda, et hooaja halvim s\u00f5it<\/a>&nbsp;&nbsp;Delfi Sport<\/li>\n<li><a href=\"https:\/\/news.google.com\/rss\/articles\/CBMiiwFBVV95cUxOTzQyd2d1ZG0tQWdpa1VlemRJcVdpZGZVdDZiQ1d6Z0FaWTB5aTBlTzIyLThVMkdKQnpxSGlDX05rNldqNlZvcUhJeE83bFdkQTNUbkRHdmxod0dkazBRNVFzV1dSTHlsUGNUWll5RTNwRm56MUlhSTEzTjdHWWhBcWhIaWVfWFBEMGdN?oc=5\" target=\"_blank\" rel=\"nofollow noopener\">Marten Liivil ei \u00f5nnestunud ol\u00fcmpial ka 500 meetrit<\/a>&nbsp;&nbsp;sport | ERR<\/li>\n<\/ol>\n","protected":false},"excerpt":{"rendered":"PM OL\u00dcMPIAL PM OL\u00dcMPIAL Marten Liiv j\u00e4i USA uisupeol statistiks, sest \u00abhobuj\u00f5ude lihtsalt polnud\u00bb&nbsp;&nbsp;Postimees Sport BLOGI \u27e9 Marten&hellip;\n","protected":false},"author":2,"featured_media":108192,"comment_status":"","ping_status":"","sticky":false,"template":"","format":"standard","meta":{"footnotes":"","_share_on_mastodon":"0"},"categories":[5],"tags":[45338,45335,26,27,37,33,35,51545,34,36,31,32,21,51544,21672,28,29,16489,19,25,51546,23,24,22,20,30],"class_list":["post-108191","post","type-post","status-publish","format-standard","has-post-thumbnail","category-uldised-uudised","tag-1000-meetrit","tag-500-meetrit","tag-breaking-news","tag-breakingnews","tag-ee","tag-eesti","tag-eesti-keel","tag-eric-heiden","tag-estonia","tag-estonian","tag-featured-news","tag-featurednews","tag-headlines","tag-inzell","tag-jordan-stolz","tag-latest-news","tag-latestnews","tag-liiv","tag-news","tag-populaarseimad-lood","tag-ten-howe","tag-top-stories","tag-topstories","tag-uldised-uudised","tag-uudised","tag-viimased-uudised"],"share_on_mastodon":{"url":"https:\/\/pubeurope.com\/@ee\/116070411317847891","error":""},"_links":{"self":[{"href":"https:\/\/www.europesays.com\/ee\/wp-json\/wp\/v2\/posts\/108191","targetHints":{"allow":["GET"]}}],"collection":[{"href":"https:\/\/www.europesays.com\/ee\/wp-json\/wp\/v2\/posts"}],"about":[{"href":"https:\/\/www.europesays.com\/ee\/wp-json\/wp\/v2\/types\/post"}],"author":[{"embeddable":true,"href":"https:\/\/www.europesays.com\/ee\/wp-json\/wp\/v2\/users\/2"}],"replies":[{"embeddable":true,"href":"https:\/\/www.europesays.com\/ee\/wp-json\/wp\/v2\/comments?post=108191"}],"version-history":[{"count":0,"href":"https:\/\/www.europesays.com\/ee\/wp-json\/wp\/v2\/posts\/108191\/revisions"}],"wp:featuredmedia":[{"embeddable":true,"href":"https:\/\/www.europesays.com\/ee\/wp-json\/wp\/v2\/media\/108192"}],"wp:attachment":[{"href":"https:\/\/www.europesays.com\/ee\/wp-json\/wp\/v2\/media?parent=108191"}],"wp:term":[{"taxonomy":"category","embeddable":true,"href":"https:\/\/www.europesays.com\/ee\/wp-json\/wp\/v2\/categories?post=108191"},{"taxonomy":"post_tag","embeddable":true,"href":"https:\/\/www.europesays.com\/ee\/wp-json\/wp\/v2\/tags?post=108191"}],"curies":[{"name":"wp","href":"https:\/\/api.w.org\/{rel}","templated":true}]}}