{"id":108254,"date":"2026-02-14T21:28:06","date_gmt":"2026-02-14T21:28:06","guid":{"rendered":"https:\/\/www.europesays.com\/ee\/108254\/"},"modified":"2026-02-14T21:28:06","modified_gmt":"2026-02-14T21:28:06","slug":"fotod-%e2%9f%a9-vaata-milline-oli-eelmise-aasta-eesti-parim-arhitektuur","status":"publish","type":"post","link":"https:\/\/www.europesays.com\/ee\/108254\/","title":{"rendered":"FOTOD \u27e9 Vaata, milline oli eelmise aasta Eesti parim arhitektuur"},"content":{"rendered":"<p>Tallinna Linnateater oli laup\u00e4eva \u00f5htul arhitektide p\u00e4ralt, kelle seast parematest paremaile jagati auhindu. K\u00f5ige k\u00f5nekama salto oli juba n\u00e4dal tagasi teinud arhitektuurib\u00fcroo Salto, kellele anti Rakveres Ukuaru muusikamajas \u00fcle Eesti Kultuurkapitali arhitektuuri peapreemia.<\/p>\n<p class=\"MsoNormal\">Salto \u00abmedalisadu\u00bb j\u00e4tkus Tallinnas, nende projekteeritud uusvanas Linnateatris. Nende loodud Saku G\u00fcmnaasiumi p\u00f5hikooli \u00f5ppehoone ja spordikeskus p\u00e4lvis Eesti Arhitektide Liidu (EAL) arhitekti aastapreemia 2025.<\/p>\n","protected":false},"excerpt":{"rendered":"Tallinna Linnateater oli laup\u00e4eva \u00f5htul arhitektide p\u00e4ralt, kelle seast parematest paremaile jagati auhindu. K\u00f5ige k\u00f5nekama salto oli juba&hellip;\n","protected":false},"author":2,"featured_media":108255,"comment_status":"","ping_status":"","sticky":false,"template":"","format":"standard","meta":{"footnotes":"","_share_on_mastodon":"0"},"categories":[89],"tags":[227,225,226,228,28001,37,33,15970,35,173,34,36,229,230,51557,140,51555,51556,18478,51560,51559,7388,51558],"class_list":["post-108254","post","type-post","status-publish","format-standard","has-post-thumbnail","category-kunst-ja-kujundus","tag-arts","tag-arts-and-design","tag-artsdesign","tag-design","tag-eal","tag-ee","tag-eesti","tag-eesti-arhitektide-liit","tag-eesti-keel","tag-entertainment","tag-estonia","tag-estonian","tag-kunst-ja-kujundus","tag-kunstkujundus","tag-marta-elisabeth-tikman","tag-meelelahutus","tag-pelgulinna-kogukonnaaed","tag-pelgulinna-riigigumnaasium","tag-saku-gumnaasium","tag-salto","tag-sam-jacob","tag-tallinna-linnateater","tag-viljandi-tervikum"],"share_on_mastodon":{"url":"https:\/\/pubeurope.com\/@ee\/116071111269355453","error":""},"_links":{"self":[{"href":"https:\/\/www.europesays.com\/ee\/wp-json\/wp\/v2\/posts\/108254","targetHints":{"allow":["GET"]}}],"collection":[{"href":"https:\/\/www.europesays.com\/ee\/wp-json\/wp\/v2\/posts"}],"about":[{"href":"https:\/\/www.europesays.com\/ee\/wp-json\/wp\/v2\/types\/post"}],"author":[{"embeddable":true,"href":"https:\/\/www.europesays.com\/ee\/wp-json\/wp\/v2\/users\/2"}],"replies":[{"embeddable":true,"href":"https:\/\/www.europesays.com\/ee\/wp-json\/wp\/v2\/comments?post=108254"}],"version-history":[{"count":0,"href":"https:\/\/www.europesays.com\/ee\/wp-json\/wp\/v2\/posts\/108254\/revisions"}],"wp:featuredmedia":[{"embeddable":true,"href":"https:\/\/www.europesays.com\/ee\/wp-json\/wp\/v2\/media\/108255"}],"wp:attachment":[{"href":"https:\/\/www.europesays.com\/ee\/wp-json\/wp\/v2\/media?parent=108254"}],"wp:term":[{"taxonomy":"category","embeddable":true,"href":"https:\/\/www.europesays.com\/ee\/wp-json\/wp\/v2\/categories?post=108254"},{"taxonomy":"post_tag","embeddable":true,"href":"https:\/\/www.europesays.com\/ee\/wp-json\/wp\/v2\/tags?post=108254"}],"curies":[{"name":"wp","href":"https:\/\/api.w.org\/{rel}","templated":true}]}}