{"id":108279,"date":"2026-02-14T22:17:10","date_gmt":"2026-02-14T22:17:10","guid":{"rendered":"https:\/\/www.europesays.com\/ee\/108279\/"},"modified":"2026-02-14T22:17:10","modified_gmt":"2026-02-14T22:17:10","slug":"magus-kattemaks-inter-pooras-kusitava-punasega-vurtsitatud-draama-viimasel-hetkel-enda-kasuks-soccernet-ee","status":"publish","type":"post","link":"https:\/\/www.europesays.com\/ee\/108279\/","title":{"rendered":"Magus k\u00e4ttemaks! Inter p\u00f6\u00f6ras k\u00fcsitava punasega v\u00fcrtsitatud draama viimasel hetkel enda kasuks &#8211; Soccernet.ee"},"content":{"rendered":"<p><img decoding=\"async\" src=\"https:\/\/www.europesays.com\/ee\/wp-content\/uploads\/2026\/02\/1771097345.jpg\" alt=\"Nooruke r\u00fcndaja Pio Esposito aitas Interi v\u00e4\u00e4rt v\u00f5iduni. Foto: Scanpix \/ Piero Cruciatti \/ AFP\"\/>&#13;\n<\/p>\n<p>Itaalia k\u00f5rgliiga liider Inter alistas dramaatiliselt kulgenud Derby D&#8217;Italias hilisest v\u00e4ravast Juventuse ja kindlustas valitsejakohta.<\/p>\n<p>Avapooltunni v\u00f5tmetegelaseks kerkis Juventuse \u00e4\u00e4rekaitsja Andrea Cambiaso, kes oskas v\u00e4ravaga r\u00f5\u00f5mustada m\u00f5lemat meeskonda. Esmalt suunas ta 17. minutil palli \u00f5nnetult oma v\u00f5rku, \u00fcritades pareerida Luis Henrique tsenderdust. K\u00fcmmekond minutit hiljem parandas ta vea aga efektselt, hiilides teises v\u00e4ljakuotsas Henrique selja tagant v\u00e4lja ja l\u00fckates Weston McKennie madala s\u00f6\u00f6du v\u00f5rku.&#13;\n<\/p>\n<p>Poolaja l\u00f5pp l\u00e4ks Juventusel siiski taas k\u00e4est, sest 32. minutil kollase kaardi teeninud Pierre Kalulu sikutas peakohtuniku Federico La Penna hinnangul keskv\u00e4ljal pikali Alessandro Bastoni ja sai teise hoiatuse, millele j\u00e4rgnes m\u00f5istagi punane kaart. Korduste p\u00f5hjal oli Kalulu meeleheitlikel protestidel omajagu alust, sest ta t\u00f5mbas v\u00e4ljasirutatud k\u00e4e viimasel hetkel tagasi ja Bastoni hakkas kukkuma omaalgatuslikult, ent vastavalt reeglitele ei saanud VAR teise kollase kaardi puhul otsuse \u00fclevaatust alustada.&#13;\n<\/p>\n<blockquote class=\"twitter-tweet\"><p>&#13;<\/p>\n<p lang=\"en\" dir=\"ltr\">There&#8217;s a big game in Serie A tonight as Inter host Juventus.<\/p>\n<p>The visitors went down to 10 players after Pierre Kalulu received a second yellow card in the 42nd minute.<\/p>\n<p>Alessandro Bastoni was so happy with the decision that he celebrated it. <a href=\"https:\/\/t.co\/zvrnIzBRNO\" rel=\"nofollow\">pic.twitter.com\/zvrnIzBRNO<\/a>&#13;<br \/>\n\u2014 The Athletic | Football (@TheAthleticFC) <a href=\"https:\/\/twitter.com\/TheAthleticFC\/status\/2022778428534198560?ref_src=twsrc%5Etfw\" rel=\"nofollow noopener\" target=\"_blank\">February 14, 2026<\/a><\/p>\n<\/blockquote>\n<p>Hetk enne Kalulu eemaldamist oli Juventusel olnud seejuures omajagu \u00f5nne &#8211; nurgal\u00f6\u00f6gist p\u00e4\u00e4ses peaga \u00fcsna vabalt l\u00f6\u00f6gile Marcus Thuram, ent Michele Di Gregorio tegi hea t\u00f5rje. J\u00e4tkuolukorras p\u00f5rkas pall Manuel Locatelli rinnast k\u00f5igepealt vastu \u00fchte ja siis teist v\u00e4ravaposti, ent tuli sealt l\u00f5puks ikkagi tagasi v\u00e4ljakule!&#13;\n<\/p>\n<p>Pausilt naasmise j\u00e4rel hakkas k\u00fcmnekesi tegutsenud Juventus v\u00f5\u00f5rustajatele s\u00fcdilt vastu, ent 75. minutil enam paratamatuse vastu ei saanud. Federico Dimarco riputas karistusalasse m\u00f5\u00f5detud palli, kahe kaitsja vahelt kerkis k\u00f5ige k\u00f5rgemale s\u00fcgisel Tallinnas Eesti koondistki kiusanud 20-aastane Interi kasvandik Pio Esposito ja suunas tsenderduse peaga v\u00e4ravanurka.<\/p>\n<p>M\u00e4ng tehtud? Kaugel sellest! Meeskondade esimene kohtumine oli septembris l\u00f5ppenud seitsmev\u00e4ravalises trilleris Juventuse 4:3 paremusega, kui kodus p\u00f6\u00f6rati kaotusseis 83. ja 90+1. minuti v\u00e4ravatest v\u00f5iduks. N\u00fc\u00fcd hiilis kapten Locatelli 83. (!) minutil karistusalasse ja vormistas McKennie s\u00f6\u00f6du madala l\u00f6\u00f6giga 2:2 viigiv\u00e4ravaks.&#13;\n<\/p>\n<p>Viimane s\u00f5na j\u00e4i seekord aga siiski Interile, sest 90 minuti t\u00e4istiksumisest oli puudu m\u00f5ni sekund, kui Piotr Zielinski m\u00e4ngis palli endale karistusala joone l\u00e4histel efektselt ette ja tulistas meeleheitlikult blokki viskunud Locatelli jalge vahelt t\u00e4pse l\u00f6\u00f6gi alumisse v\u00e4ravanurka. 3:2 v\u00f5it hoiab Interi edu tabelitipus linnarivaali Milani ees viiepunktilisena, Juventus j\u00e4tkab viiendana.&#13;\n<\/p>\n<blockquote class=\"twitter-tweet\"><p>&#13;<\/p>\n<p lang=\"it\" dir=\"ltr\">DELIRIO NERAZZURRO \ud83d\udda4\ud83d\udc99 <a href=\"https:\/\/t.co\/y23I03vssJ\" rel=\"nofollow\">pic.twitter.com\/y23I03vssJ<\/a>&#13;<br \/>\n\u2014 Inter \u2b50\u2b50 (@Inter) <a href=\"https:\/\/twitter.com\/Inter\/status\/2022788908367368331?ref_src=twsrc%5Etfw\" rel=\"nofollow noopener\" target=\"_blank\">February 14, 2026<\/a><\/p>\n<\/blockquote>\n<p>Tagasil\u00f6\u00f6gi pidi vastu v\u00f5tma eurokohta p\u00fc\u00fcdev Como, kes j\u00e4i kodus 1:2 alla Fiorentinale. Nicolo Fagioli viis kauni soolov\u00e4ravaga k\u00fclalised avapoolaja keskel juhtima ning teise poolaja alguses m\u00e4\u00e4rati k\u00fclaliste kasuks penalti, mille Moise Kean kindlalt ristnurka saatis. Poolaja keskel l\u00e4ks Fiorentina elu veidi keerulisemaks, sest esmalt saadeti trib\u00fc\u00fcnile nende peatreener Paolo Vanoli ning seej\u00e4rel suunas Fabiano Parisi palli \u00f5nnetult David De Gea selja taha, v\u00e4hendades edu minimaalseks.<\/p>\n<p>Como viigip\u00fc\u00fcdlustele t\u00f5mbas aga kriipsu peale kogenud Alvaro Morata, kes sai esmalt kollase kaardi, kostitas siis vastast peak\u00f5ksuga ja saadeti teise hoiatusega du\u0161i alla. Como j\u00e4tkab seitsmendana, Fiorentina hoiab aga k\u00fc\u00fcnte ja hammastega kinni p\u00fcsimaj\u00e4\u00e4mislootusest &#8211; hetkel ollakse esimese meeskonnana joone all, kuid punktivahed on tabeli l\u00f5puosas \u00fclinapid.&#13;\n<\/p>\n<p>Kuuenda koha haaras Como libastumise t\u00f5ttu endale Atalanta, kes sai v\u00f5\u00f5rsil 2:0 jagu Laziost. Avapoolaja l\u00f5pus teeniti penalti ja selle realiseeris Ederson, tunni t\u00e4itumisel kahekordistas k\u00fclaliste edu Nicola Zalewski. Bergamo klubi liigub endiselt t\u00f5usvas joones, sest 11 viimasest liigam\u00e4ngust on kaotatud vaid \u00fcks ja v\u00f5idetud koguni kaheksa.&#13;\n<\/p>\n<p><script async src=\"https:\/\/platform.twitter.com\/widgets.js\" charset=\"utf-8\"><\/script><\/p>\n","protected":false},"excerpt":{"rendered":"&#13; Itaalia k\u00f5rgliiga liider Inter alistas dramaatiliselt kulgenud Derby D&#8217;Italias hilisest v\u00e4ravast Juventuse ja kindlustas valitsejakohta. Avapooltunni v\u00f5tmetegelaseks&hellip;\n","protected":false},"author":2,"featured_media":108280,"comment_status":"","ping_status":"","sticky":false,"template":"","format":"standard","meta":{"footnotes":"","_share_on_mastodon":"0"},"categories":[18],"tags":[1816,51583,51584,1817,51585,49758,20985,37,33,35,11130,34,36,51586,1819,1820,109,1149,51587,11132,1542,51588,41659,7630,51589,1082,159,158,49762,51590,51591],"class_list":["post-108279","post","type-post","status-publish","format-standard","has-post-thumbnail","category-sport","tag-atalanta","tag-bastoni","tag-cambiaso","tag-como","tag-di-gregorio","tag-dimarco","tag-ederson","tag-ee","tag-eesti","tag-eesti-keel","tag-esposito","tag-estonia","tag-estonian","tag-fagioli","tag-fiorentina","tag-inter","tag-itaalia","tag-juventus","tag-kalulu","tag-kean","tag-lazio","tag-locatelli","tag-mckennie","tag-morata","tag-parisi","tag-serie-a","tag-sport","tag-sports","tag-thuram","tag-zalewski","tag-zielinski"],"share_on_mastodon":{"url":"https:\/\/pubeurope.com\/@ee\/116071303903809736","error":""},"_links":{"self":[{"href":"https:\/\/www.europesays.com\/ee\/wp-json\/wp\/v2\/posts\/108279","targetHints":{"allow":["GET"]}}],"collection":[{"href":"https:\/\/www.europesays.com\/ee\/wp-json\/wp\/v2\/posts"}],"about":[{"href":"https:\/\/www.europesays.com\/ee\/wp-json\/wp\/v2\/types\/post"}],"author":[{"embeddable":true,"href":"https:\/\/www.europesays.com\/ee\/wp-json\/wp\/v2\/users\/2"}],"replies":[{"embeddable":true,"href":"https:\/\/www.europesays.com\/ee\/wp-json\/wp\/v2\/comments?post=108279"}],"version-history":[{"count":0,"href":"https:\/\/www.europesays.com\/ee\/wp-json\/wp\/v2\/posts\/108279\/revisions"}],"wp:featuredmedia":[{"embeddable":true,"href":"https:\/\/www.europesays.com\/ee\/wp-json\/wp\/v2\/media\/108280"}],"wp:attachment":[{"href":"https:\/\/www.europesays.com\/ee\/wp-json\/wp\/v2\/media?parent=108279"}],"wp:term":[{"taxonomy":"category","embeddable":true,"href":"https:\/\/www.europesays.com\/ee\/wp-json\/wp\/v2\/categories?post=108279"},{"taxonomy":"post_tag","embeddable":true,"href":"https:\/\/www.europesays.com\/ee\/wp-json\/wp\/v2\/tags?post=108279"}],"curies":[{"name":"wp","href":"https:\/\/api.w.org\/{rel}","templated":true}]}}