{"id":108463,"date":"2026-02-15T10:02:09","date_gmt":"2026-02-15T10:02:09","guid":{"rendered":"https:\/\/www.europesays.com\/ee\/108463\/"},"modified":"2026-02-15T10:02:09","modified_gmt":"2026-02-15T10:02:09","slug":"finnairi-lend-hilines-tais-tualetipaakide-tottu-huvitise-ule-vaieldakse-kohtus-juba-aastaid","status":"publish","type":"post","link":"https:\/\/www.europesays.com\/ee\/108463\/","title":{"rendered":"Finnairi lend hilines t\u00e4is tualetipaakide t\u00f5ttu. H\u00fcvitise \u00fcle vaieldakse kohtus juba aastaid"},"content":{"rendered":"<p>\u00dche 2022. aasta s\u00fcgise puhkuselennu ootamatu vahepeatus on paisunud Soomes mitmeaastaseks kohtuvaidluseks. Sealsed kohtud on sarnastest lennuh\u00fcvitiste vaidlustest \u00fcle koormatud ning kriitika on suunatud eesk\u00e4tt Finnairi menetlustaktikale.<\/p>\n<p class=\"MsoNormal\">Puhkusereisil soomlane viibis kahe lapsega Tenerifel, kui sai teate, et tagasilend Helsingisse hilineb. Samal ajal oli Helsingist Tenerifele suunduv Airbus juba \u00f5hus, kirjutas Soome Yle.<\/p>\n","protected":false},"excerpt":{"rendered":"\u00dche 2022. aasta s\u00fcgise puhkuselennu ootamatu vahepeatus on paisunud Soomes mitmeaastaseks kohtuvaidluseks. Sealsed kohtud on sarnastest lennuh\u00fcvitiste vaidlustest&hellip;\n","protected":false},"author":2,"featured_media":108464,"comment_status":"","ping_status":"","sticky":false,"template":"","format":"standard","meta":{"footnotes":"","_share_on_mastodon":"0"},"categories":[14],"tags":[13141,131,51635,130,37,33,35,34,36,5658,11126,51636,35105,51637,113,10251,51638],"class_list":["post-108463","post","type-post","status-publish","format-standard","has-post-thumbnail","category-ari","tag-airbus","tag-ari","tag-benedikte-bolvig-lund","tag-business","tag-ee","tag-eesti","tag-eesti-keel","tag-estonia","tag-estonian","tag-finnair","tag-helsinki","tag-lentoapu","tag-malaga","tag-paivyt-tallqvist","tag-soome","tag-tenerife","tag-timo-heikkinen"],"share_on_mastodon":{"url":"https:\/\/pubeurope.com\/@ee\/116074076078911949","error":""},"_links":{"self":[{"href":"https:\/\/www.europesays.com\/ee\/wp-json\/wp\/v2\/posts\/108463","targetHints":{"allow":["GET"]}}],"collection":[{"href":"https:\/\/www.europesays.com\/ee\/wp-json\/wp\/v2\/posts"}],"about":[{"href":"https:\/\/www.europesays.com\/ee\/wp-json\/wp\/v2\/types\/post"}],"author":[{"embeddable":true,"href":"https:\/\/www.europesays.com\/ee\/wp-json\/wp\/v2\/users\/2"}],"replies":[{"embeddable":true,"href":"https:\/\/www.europesays.com\/ee\/wp-json\/wp\/v2\/comments?post=108463"}],"version-history":[{"count":0,"href":"https:\/\/www.europesays.com\/ee\/wp-json\/wp\/v2\/posts\/108463\/revisions"}],"wp:featuredmedia":[{"embeddable":true,"href":"https:\/\/www.europesays.com\/ee\/wp-json\/wp\/v2\/media\/108464"}],"wp:attachment":[{"href":"https:\/\/www.europesays.com\/ee\/wp-json\/wp\/v2\/media?parent=108463"}],"wp:term":[{"taxonomy":"category","embeddable":true,"href":"https:\/\/www.europesays.com\/ee\/wp-json\/wp\/v2\/categories?post=108463"},{"taxonomy":"post_tag","embeddable":true,"href":"https:\/\/www.europesays.com\/ee\/wp-json\/wp\/v2\/tags?post=108463"}],"curies":[{"name":"wp","href":"https:\/\/api.w.org\/{rel}","templated":true}]}}