{"id":108471,"date":"2026-02-15T10:13:09","date_gmt":"2026-02-15T10:13:09","guid":{"rendered":"https:\/\/www.europesays.com\/ee\/108471\/"},"modified":"2026-02-15T10:13:09","modified_gmt":"2026-02-15T10:13:09","slug":"elektrikell-%e2%9f%a9-puhapaeval-teeb-elektri-borsihind-jarsu-tousu","status":"publish","type":"post","link":"https:\/\/www.europesays.com\/ee\/108471\/","title":{"rendered":"ELEKTRIKELL \u27e9 P\u00fchap\u00e4eval teeb elektri b\u00f6rsihind j\u00e4rsu t\u00f5usu"},"content":{"rendered":"<p class=\"MsoNormal\">Tipphetk saabub \u00f5htul kell 16.45\u201317, mil megavatt-tunni hind k\u00fc\u00fcndib lausa 325,04 euroni. K\u00f5ige soodsam oli elekter varahommikul kell 7\u20137.15, kuid ka siis p\u00fcsis hind k\u00f5rgel, 99,07 euro tasemel.<\/p>\n<p class=\"MsoNormal\">M\u00e4rkimisv\u00e4\u00e4rne on, et elektri hind on \u00fcle 100 euro megavatt-tunnist pea kogu \u00f6\u00f6p\u00e4eva v\u00e4ltel.<\/p>\n<p class=\"MsoNormal\">Laup\u00e4evane keskmine hind oli v\u00f5rdluseks 119,69 eurot.<\/p>\n<p class=\"MsoNormal\">L\u00e4tis ja Leedus on hind p\u00fchap\u00e4eval Eestiga identne. Samal ajal saavad soomlased hakkama ligi 40 protsenti soodsama elektriga, kus keskmine hind on 95,44 eurot megavatt-tunnist.<\/p>\n","protected":false},"excerpt":{"rendered":"Tipphetk saabub \u00f5htul kell 16.45\u201317, mil megavatt-tunni hind k\u00fc\u00fcndib lausa 325,04 euroni. K\u00f5ige soodsam oli elekter varahommikul kell&hellip;\n","protected":false},"author":2,"featured_media":67823,"comment_status":"","ping_status":"","sticky":false,"template":"","format":"standard","meta":{"footnotes":"","_share_on_mastodon":"0"},"categories":[14],"tags":[131,130,37,33,35,7429,34,36,37960,114,115,24393,113,51640],"class_list":["post-108471","post","type-post","status-publish","format-standard","has-post-thumbnail","category-ari","tag-ari","tag-business","tag-ee","tag-eesti","tag-eesti-keel","tag-elektrihind","tag-estonia","tag-estonian","tag-hinnatipp","tag-lati","tag-leedu","tag-megavatt-tund","tag-soome","tag-tipphind"],"share_on_mastodon":{"url":"https:\/\/pubeurope.com\/@ee\/116074119326082756","error":""},"_links":{"self":[{"href":"https:\/\/www.europesays.com\/ee\/wp-json\/wp\/v2\/posts\/108471","targetHints":{"allow":["GET"]}}],"collection":[{"href":"https:\/\/www.europesays.com\/ee\/wp-json\/wp\/v2\/posts"}],"about":[{"href":"https:\/\/www.europesays.com\/ee\/wp-json\/wp\/v2\/types\/post"}],"author":[{"embeddable":true,"href":"https:\/\/www.europesays.com\/ee\/wp-json\/wp\/v2\/users\/2"}],"replies":[{"embeddable":true,"href":"https:\/\/www.europesays.com\/ee\/wp-json\/wp\/v2\/comments?post=108471"}],"version-history":[{"count":0,"href":"https:\/\/www.europesays.com\/ee\/wp-json\/wp\/v2\/posts\/108471\/revisions"}],"wp:featuredmedia":[{"embeddable":true,"href":"https:\/\/www.europesays.com\/ee\/wp-json\/wp\/v2\/media\/67823"}],"wp:attachment":[{"href":"https:\/\/www.europesays.com\/ee\/wp-json\/wp\/v2\/media?parent=108471"}],"wp:term":[{"taxonomy":"category","embeddable":true,"href":"https:\/\/www.europesays.com\/ee\/wp-json\/wp\/v2\/categories?post=108471"},{"taxonomy":"post_tag","embeddable":true,"href":"https:\/\/www.europesays.com\/ee\/wp-json\/wp\/v2\/tags?post=108471"}],"curies":[{"name":"wp","href":"https:\/\/api.w.org\/{rel}","templated":true}]}}