{"id":108565,"date":"2026-02-15T12:47:06","date_gmt":"2026-02-15T12:47:06","guid":{"rendered":"https:\/\/www.europesays.com\/ee\/108565\/"},"modified":"2026-02-15T12:47:06","modified_gmt":"2026-02-15T12:47:06","slug":"tartu-maratoni-pohidistantsi-voitis-kalev-naiste-seas-parim-mannima-suusatamine","status":"publish","type":"post","link":"https:\/\/www.europesays.com\/ee\/108565\/","title":{"rendered":"Tartu Maratoni p\u00f5hidistantsi v\u00f5itis Kalev, naiste seas parim Mannima | Suusatamine"},"content":{"rendered":"<p>P\u00fchap\u00e4eval toimunud Tartu suusamaratonil teenis esikoha Christopher Kalev, kuid esikolmik mahtus 0,2 sekundi sisse. Naiste arvestuses oli parim Tatjana Mannima.<\/p>\n<p>Kalevi ajaks j\u00e4i 63 km klassikadistantsil kaks tundi, 49 minutit ja 57,4 sekundit. L\u00f5pp kujunes \u00e4\u00e4rmiselt pingeliseks ja Kalev l\u00f5petas kaasmaalasest Henri Roosist vaid 0,1 sekundit parema ajaga, kolmanda koha p\u00e4lvis t\u0161ehh Fabian Stocek, kes kaotas omakorda Roosile \u00fche k\u00fcmnendiksekundiga.<\/p>\n<p>Esikolmikule j\u00e4rgnesid Albert Unn (+4.41), Raido R\u00e4nkel (+9.55), Andres Juursalu ja sakslane Christian Winker (+10.46). Esik\u00fcmnesse mahtusid veel Kaspar Vaher (+15.20), Peeter Poopuu (+15.20) ja Karel Tammj\u00e4rv (+15.22).<\/p>\n<p>Naiste seas oli kiireim Tatjana Mannima, kes sai kolme tunni, 26 minuti ja 2,4 sekundiga \u00fcldarvestuses 64. koha. Merilin J\u00fcrisaar kaotas Mannimale kaheksa minuti ja 50 sekundiga ja Kaisa Rooba \u00fcheksa minuti ja 59 sekundiga.<\/p>\n<p>Poole l\u00fchemal distantsil \u00fcletas fini\u0161ijoone esimesena Simon Uibo, kelle ajaks fikseeriti 1:32.29,7. Teise koha saavutas Sander Kask (+2.33), kes oli Veiko Aasmast vaid sekundi v\u00f5rra kiirem. Naiste arvestuses oli parim Emma-Luisa Pajur ajaga 1:54.24,4, kes sai \u00fcldarvestuses 19. koha. Teine oli Elisabeth Astor (+0,4) ja pjedestaalile mahtus veel Marta J\u00e4rviste (+1.05).<\/p>\n","protected":false},"excerpt":{"rendered":"P\u00fchap\u00e4eval toimunud Tartu suusamaratonil teenis esikoha Christopher Kalev, kuid esikolmik mahtus 0,2 sekundi sisse. Naiste arvestuses oli parim&hellip;\n","protected":false},"author":2,"featured_media":87921,"comment_status":"","ping_status":"","sticky":false,"template":"","format":"standard","meta":{"footnotes":"","_share_on_mastodon":"0"},"categories":[18],"tags":[9096,37,33,35,34,36,159,158,1803],"class_list":["post-108565","post","type-post","status-publish","format-standard","has-post-thumbnail","category-sport","tag-christopher-kalev","tag-ee","tag-eesti","tag-eesti-keel","tag-estonia","tag-estonian","tag-sport","tag-sports","tag-tartu-maraton"],"share_on_mastodon":{"url":"https:\/\/pubeurope.com\/@ee\/116074724915874264","error":""},"_links":{"self":[{"href":"https:\/\/www.europesays.com\/ee\/wp-json\/wp\/v2\/posts\/108565","targetHints":{"allow":["GET"]}}],"collection":[{"href":"https:\/\/www.europesays.com\/ee\/wp-json\/wp\/v2\/posts"}],"about":[{"href":"https:\/\/www.europesays.com\/ee\/wp-json\/wp\/v2\/types\/post"}],"author":[{"embeddable":true,"href":"https:\/\/www.europesays.com\/ee\/wp-json\/wp\/v2\/users\/2"}],"replies":[{"embeddable":true,"href":"https:\/\/www.europesays.com\/ee\/wp-json\/wp\/v2\/comments?post=108565"}],"version-history":[{"count":0,"href":"https:\/\/www.europesays.com\/ee\/wp-json\/wp\/v2\/posts\/108565\/revisions"}],"wp:featuredmedia":[{"embeddable":true,"href":"https:\/\/www.europesays.com\/ee\/wp-json\/wp\/v2\/media\/87921"}],"wp:attachment":[{"href":"https:\/\/www.europesays.com\/ee\/wp-json\/wp\/v2\/media?parent=108565"}],"wp:term":[{"taxonomy":"category","embeddable":true,"href":"https:\/\/www.europesays.com\/ee\/wp-json\/wp\/v2\/categories?post=108565"},{"taxonomy":"post_tag","embeddable":true,"href":"https:\/\/www.europesays.com\/ee\/wp-json\/wp\/v2\/tags?post=108565"}],"curies":[{"name":"wp","href":"https:\/\/api.w.org\/{rel}","templated":true}]}}