{"id":108718,"date":"2026-02-15T17:37:10","date_gmt":"2026-02-15T17:37:10","guid":{"rendered":"https:\/\/www.europesays.com\/ee\/108718\/"},"modified":"2026-02-15T17:37:10","modified_gmt":"2026-02-15T17:37:10","slug":"juri-kotsinev-%e2%9f%a9-kui-sarnased-on-putin-ja-hitler","status":"publish","type":"post","link":"https:\/\/www.europesays.com\/ee\/108718\/","title":{"rendered":"J\u00dcRI KOT\u0160INEV \u27e9 Kui sarnased on Putin ja Hitler?"},"content":{"rendered":"<p>\u00dcheks suureks erinevuseks nende vahel on antisemitism, mis oli Adolf Hitleri ideoloogia \u2013 natsionaalsotsialismi oluliseks koostisosaks ja mis Vladimir Putini ideoloogias puudub. Suur sarnasus Hitleri ja Putini vahel on n\u00e4htav aga nende poolt kasutatavas retoorikas. Selle n\u00e4iteks saab tuua Vladimir Putini telep\u00f6\u00f6rdumist Venemaa rahva poole 24. veebruaril 2022. aastal, mis meenutas Adolf Hitleri raadiop\u00f6\u00f6rdumist Saksamaa rahva poole 1. septembril 1939. aastal. Putin r\u00e4\u00e4kis oma telep\u00f6\u00f6rdumises \u00absuurest valest\u00bb, mida ta kordas hiljem j\u00e4lle ja j\u00e4lle Hitlerile omases maneeris ja mis seisnes selles, et Ukrainas olla aastate jooksul \u00abpiinatud ja m\u00f5rvatud\u00bb venekeelse elanikkonna esindajaid. Hitler r\u00e4\u00e4kis oma 1939. aasta 1. septembri raadiop\u00f6\u00f6rdumises Poolale kallaletungi \u00f5igustuseks sellest, kuidas Poolas oli sakslastest rahvusv\u00e4hemus \u00abj\u00e4etud ilma poliitilistest \u00f5igustest\u00bb ja kannatanud Poola valitsuse repressioonide all.<\/p>\n","protected":false},"excerpt":{"rendered":"\u00dcheks suureks erinevuseks nende vahel on antisemitism, mis oli Adolf Hitleri ideoloogia \u2013 natsionaalsotsialismi oluliseks koostisosaks ja mis&hellip;\n","protected":false},"author":2,"featured_media":108719,"comment_status":"","ping_status":"","sticky":false,"template":"","format":"standard","meta":{"footnotes":"","_share_on_mastodon":"0"},"categories":[12],"tags":[4141,26,27,37,33,35,34,36,48484,31,32,21,103,28,29,51735,19,25,19420,23,24,262,22,20,96,30,661],"class_list":["post-108718","post","type-post","status-publish","format-standard","has-post-thumbnail","category-eesti","tag-antisemitism","tag-breaking-news","tag-breakingnews","tag-ee","tag-eesti","tag-eesti-keel","tag-estonia","tag-estonian","tag-fasism","tag-featured-news","tag-featurednews","tag-headlines","tag-kreml","tag-latest-news","tag-latestnews","tag-natsionaal-sotsialism","tag-news","tag-populaarseimad-lood","tag-sojakuriteod","tag-top-stories","tag-topstories","tag-ukraina","tag-uldised-uudised","tag-uudised","tag-venemaa","tag-viimased-uudised","tag-vladimir-putin"],"share_on_mastodon":{"url":"https:\/\/pubeurope.com\/@ee\/116075865303090977","error":""},"_links":{"self":[{"href":"https:\/\/www.europesays.com\/ee\/wp-json\/wp\/v2\/posts\/108718","targetHints":{"allow":["GET"]}}],"collection":[{"href":"https:\/\/www.europesays.com\/ee\/wp-json\/wp\/v2\/posts"}],"about":[{"href":"https:\/\/www.europesays.com\/ee\/wp-json\/wp\/v2\/types\/post"}],"author":[{"embeddable":true,"href":"https:\/\/www.europesays.com\/ee\/wp-json\/wp\/v2\/users\/2"}],"replies":[{"embeddable":true,"href":"https:\/\/www.europesays.com\/ee\/wp-json\/wp\/v2\/comments?post=108718"}],"version-history":[{"count":0,"href":"https:\/\/www.europesays.com\/ee\/wp-json\/wp\/v2\/posts\/108718\/revisions"}],"wp:featuredmedia":[{"embeddable":true,"href":"https:\/\/www.europesays.com\/ee\/wp-json\/wp\/v2\/media\/108719"}],"wp:attachment":[{"href":"https:\/\/www.europesays.com\/ee\/wp-json\/wp\/v2\/media?parent=108718"}],"wp:term":[{"taxonomy":"category","embeddable":true,"href":"https:\/\/www.europesays.com\/ee\/wp-json\/wp\/v2\/categories?post=108718"},{"taxonomy":"post_tag","embeddable":true,"href":"https:\/\/www.europesays.com\/ee\/wp-json\/wp\/v2\/tags?post=108718"}],"curies":[{"name":"wp","href":"https:\/\/api.w.org\/{rel}","templated":true}]}}