{"id":108764,"date":"2026-02-15T19:14:08","date_gmt":"2026-02-15T19:14:08","guid":{"rendered":"https:\/\/www.europesays.com\/ee\/108764\/"},"modified":"2026-02-15T19:14:08","modified_gmt":"2026-02-15T19:14:08","slug":"st-pauli-ja-werderi-lahirivaal-mangis-kaks-korda-eduseisu-maha-aga-sai-medalinoudlejalt-punkti-katte-soccernet-ee","status":"publish","type":"post","link":"https:\/\/www.europesays.com\/ee\/108764\/","title":{"rendered":"St. Pauli ja Werderi l\u00e4hirivaal m\u00e4ngis kaks korda eduseisu maha, aga sai medalin\u00f5udlejalt punkti k\u00e4tte &#8211; Soccernet.ee"},"content":{"rendered":"<p><img decoding=\"async\" src=\"https:\/\/www.europesays.com\/ee\/wp-content\/uploads\/2026\/02\/1771181333.jpg\" alt=\"Wolfsburg m\u00e4ngis Leipzigiga viiki. Foto: Scanpix \/ Darius Simka \/ IMAGO\"\/>&#13;\n<\/p>\n<p>Saksamaa k\u00f5rgliigas St. Pauli ja Bremeni Werderiga p\u00fcsiamj\u00e4\u00e4mise nimel v\u00f5itlev Wolfsburg m\u00e4ngis v\u00f5\u00f5rsil 2:2 viiki medalin\u00f5udleja RB Leipzigiga ja l\u00f5petas oma kolmem\u00e4ngulise kaotuste seeria.<\/p>\n<p>K\u00f5ik v\u00e4ravad l\u00f6\u00f6di teisel poolajal. Seejuures m\u00e4ngis Wolfsburg kaks korda eduseisu maha, sest Mohamed Amoura v\u00e4ravale vastas Leipzigi eest Yan Diomande ja Mattias Svanbergi tabamusele Brajan Gruda. Tabelis viiendal kohal oleva Leipzigi 2:2 viigiv\u00e4rav s\u00fcndis 89. minutil. Leipzigil oli kuuendal \u00fcleminutil suurep\u00e4rane v\u00f5imalus ka v\u00f5iduv\u00e4rava l\u00f6\u00f6miseks, aga Romulo Cardoso ei saanud m\u00f5nelt meetrilt palli raamide vahele.&#13;\n<\/p>\n<p>Wolfsburg j\u00e4tkab 18 meeskonna konkurentsis 15. kohal, aga rebis n\u00fc\u00fcd Werderist \u00fche, St. Paulist kolme ja Heidenheimist seitsme punkti kaugusele. Eesti koondislaste Karol Metsa ja Karl Jakob Heina koduklubid ehk St. Pauli ja Werder l\u00e4hevad j\u00e4rgmises voorus omavahel vastamisi &#8211; m\u00e4ng toimub 22. veebruaril St. Pauli koduv\u00e4ljakul ja algab Eesti aja j\u00e4rgi kell 18.30.&#13;\n<\/p>\n<p>Tabeli punane latern Heidenheim sai neljanda kaotuse j\u00e4rjest, j\u00e4\u00e4des v\u00f5\u00f5rsil 0.1 alla Augsburgile. M\u00e4ngu ainus v\u00e4rav l\u00f6\u00f6di 80. minutil, kui\u00a0Alexis Claude-Maurice realiseeris Keven Schlotterbecki teenitud penalti. Viimasest neljast liigam\u00e4ngust kolm v\u00f5itnud Augsburg kerkis tabelis 11. kohale.<\/p>\n","protected":false},"excerpt":{"rendered":"&#13; Saksamaa k\u00f5rgliigas St. Pauli ja Bremeni Werderiga p\u00fcsiamj\u00e4\u00e4mise nimel v\u00f5itlev Wolfsburg m\u00e4ngis v\u00f5\u00f5rsil 2:2 viiki medalin\u00f5udleja RB&hellip;\n","protected":false},"author":2,"featured_media":108765,"comment_status":"","ping_status":"","sticky":false,"template":"","format":"standard","meta":{"footnotes":"","_share_on_mastodon":"0"},"categories":[18],"tags":[523,527,37,33,35,34,36,531,1160,1161,51,1259,159,158,1712],"class_list":["post-108764","post","type-post","status-publish","format-standard","has-post-thumbnail","category-sport","tag-augsburg","tag-bundesliga","tag-ee","tag-eesti","tag-eesti-keel","tag-estonia","tag-estonian","tag-heidenheim","tag-leipzig","tag-rb-leipzig","tag-saksamaa","tag-saksamaa-korgliiga","tag-sport","tag-sports","tag-wolfsburg"],"share_on_mastodon":{"url":"https:\/\/pubeurope.com\/@ee\/116076246680757466","error":""},"_links":{"self":[{"href":"https:\/\/www.europesays.com\/ee\/wp-json\/wp\/v2\/posts\/108764","targetHints":{"allow":["GET"]}}],"collection":[{"href":"https:\/\/www.europesays.com\/ee\/wp-json\/wp\/v2\/posts"}],"about":[{"href":"https:\/\/www.europesays.com\/ee\/wp-json\/wp\/v2\/types\/post"}],"author":[{"embeddable":true,"href":"https:\/\/www.europesays.com\/ee\/wp-json\/wp\/v2\/users\/2"}],"replies":[{"embeddable":true,"href":"https:\/\/www.europesays.com\/ee\/wp-json\/wp\/v2\/comments?post=108764"}],"version-history":[{"count":0,"href":"https:\/\/www.europesays.com\/ee\/wp-json\/wp\/v2\/posts\/108764\/revisions"}],"wp:featuredmedia":[{"embeddable":true,"href":"https:\/\/www.europesays.com\/ee\/wp-json\/wp\/v2\/media\/108765"}],"wp:attachment":[{"href":"https:\/\/www.europesays.com\/ee\/wp-json\/wp\/v2\/media?parent=108764"}],"wp:term":[{"taxonomy":"category","embeddable":true,"href":"https:\/\/www.europesays.com\/ee\/wp-json\/wp\/v2\/categories?post=108764"},{"taxonomy":"post_tag","embeddable":true,"href":"https:\/\/www.europesays.com\/ee\/wp-json\/wp\/v2\/tags?post=108764"}],"curies":[{"name":"wp","href":"https:\/\/api.w.org\/{rel}","templated":true}]}}