{"id":108807,"date":"2026-02-15T20:34:32","date_gmt":"2026-02-15T20:34:32","guid":{"rendered":"https:\/\/www.europesays.com\/ee\/108807\/"},"modified":"2026-02-15T20:34:32","modified_gmt":"2026-02-15T20:34:32","slug":"paide-haaletaja-on-jatkuvalt-joulumeeleolus","status":"publish","type":"post","link":"https:\/\/www.europesays.com\/ee\/108807\/","title":{"rendered":"Paide H\u00e4\u00e4letaja on j\u00e4tkuvalt j\u00f5ulumeeleolus"},"content":{"rendered":"<p>\u00abH\u00e4\u00e4letaja\u00bb on vaieldamatult linlaste ja k\u00fclaliste \u00fcks lemmikhuviv\u00e4\u00e4rsusi ning tekitab m\u00f6\u00f6daminejates h\u00e4id emotsioone. Nagu Br\u00fcsseli kuulus \u00abPissiv poiss\u00bb, elab seegi skulptuur maailmaga samas r\u00fctmis. Kui on j\u00f5ulud, saab ta p\u00e4he hiigelm\u00f5\u00f5dus p\u00e4kapikum\u00fctsi, kui p\u00f5desime koroonat, oli ka \u00abH\u00e4\u00e4letaja\u00bb inimkonnaga solidaarne ja kandis maski. Eesti saja aasta juubeliks sai ta kaela rahvusv\u00e4rvides salli.<\/p>\n","protected":false},"excerpt":{"rendered":"\u00abH\u00e4\u00e4letaja\u00bb on vaieldamatult linlaste ja k\u00fclaliste \u00fcks lemmikhuviv\u00e4\u00e4rsusi ning tekitab m\u00f6\u00f6daminejates h\u00e4id emotsioone. Nagu Br\u00fcsseli kuulus \u00abPissiv poiss\u00bb,&hellip;\n","protected":false},"author":2,"featured_media":108808,"comment_status":"","ping_status":"","sticky":false,"template":"","format":"standard","meta":{"footnotes":"","_share_on_mastodon":"0"},"categories":[12],"tags":[26,27,37,33,35,34,36,31,32,51766,21,12286,28,29,19,25,23,24,22,20,30],"class_list":["post-108807","post","type-post","status-publish","format-standard","has-post-thumbnail","category-eesti","tag-breaking-news","tag-breakingnews","tag-ee","tag-eesti","tag-eesti-keel","tag-estonia","tag-estonian","tag-featured-news","tag-featurednews","tag-haaletaja-skulptuur","tag-headlines","tag-joulud","tag-latest-news","tag-latestnews","tag-news","tag-populaarseimad-lood","tag-top-stories","tag-topstories","tag-uldised-uudised","tag-uudised","tag-viimased-uudised"],"share_on_mastodon":{"url":"https:\/\/pubeurope.com\/@ee\/116076561181510073","error":""},"_links":{"self":[{"href":"https:\/\/www.europesays.com\/ee\/wp-json\/wp\/v2\/posts\/108807","targetHints":{"allow":["GET"]}}],"collection":[{"href":"https:\/\/www.europesays.com\/ee\/wp-json\/wp\/v2\/posts"}],"about":[{"href":"https:\/\/www.europesays.com\/ee\/wp-json\/wp\/v2\/types\/post"}],"author":[{"embeddable":true,"href":"https:\/\/www.europesays.com\/ee\/wp-json\/wp\/v2\/users\/2"}],"replies":[{"embeddable":true,"href":"https:\/\/www.europesays.com\/ee\/wp-json\/wp\/v2\/comments?post=108807"}],"version-history":[{"count":0,"href":"https:\/\/www.europesays.com\/ee\/wp-json\/wp\/v2\/posts\/108807\/revisions"}],"wp:featuredmedia":[{"embeddable":true,"href":"https:\/\/www.europesays.com\/ee\/wp-json\/wp\/v2\/media\/108808"}],"wp:attachment":[{"href":"https:\/\/www.europesays.com\/ee\/wp-json\/wp\/v2\/media?parent=108807"}],"wp:term":[{"taxonomy":"category","embeddable":true,"href":"https:\/\/www.europesays.com\/ee\/wp-json\/wp\/v2\/categories?post=108807"},{"taxonomy":"post_tag","embeddable":true,"href":"https:\/\/www.europesays.com\/ee\/wp-json\/wp\/v2\/tags?post=108807"}],"curies":[{"name":"wp","href":"https:\/\/api.w.org\/{rel}","templated":true}]}}