{"id":108834,"date":"2026-02-15T22:43:09","date_gmt":"2026-02-15T22:43:09","guid":{"rendered":"https:\/\/www.europesays.com\/ee\/108834\/"},"modified":"2026-02-15T22:43:09","modified_gmt":"2026-02-15T22:43:09","slug":"islandi-seikluse-jarel-uuesti-viimsis-maandunud-kore-kodu-kutsus-mind-tagasi-soccernet-ee","status":"publish","type":"post","link":"https:\/\/www.europesays.com\/ee\/108834\/","title":{"rendered":"Islandi seikluse j\u00e4rel uuesti Viimsis maandunud K\u00f5re: kodu kutsus mind tagasi! &#8211; Soccernet.ee"},"content":{"rendered":"<p><img decoding=\"async\" src=\"https:\/\/www.europesays.com\/ee\/wp-content\/uploads\/2026\/02\/1753727876.jpg\" alt=\"Johann K\u00f5re on tagasi Viimsis. Foto: Katariina Peetson \/ jalgpall.ee\"\/>&#13;\n<\/p>\n<p>Taliturniiri B-tasandil alistas Tartu Tammeka koduses Annem\u00f5isa jalgpallihallis Viimsi JK 2:0. M\u00e4ngus osales ka Johann K\u00f5re, kes Islandi madalamatest liigadest taas Viimsisse naasis.\u00a0<\/p>\n<p>Mullu augustis Islandi neljanda liigataseme pundi Sandgerdi Reyniriga k\u00e4ed l\u00f6\u00f6nud K\u00f5re kinnitas Soccernet.ee-le, et tuleval hooajal pallib ta Viimsi s\u00e4rgis ning v\u00e4lismaale praegu ei kiika. &#8220;Viimsi ambitsioonid on sel aastal k\u00f5rged ja Esiliiga tundub v\u00f5idetavam kui varasematel aastatel. Harju Laagri ja N\u00f5mme United on ikkagi profisatsid ja enam neid Esiliigas ei ole,&#8221; tunnistas keskv\u00e4ljamees kohtumise j\u00e4rel.&#13;\n<\/p>\n<p>K\u00f5re tunnistas, et m\u00f5istagi on Viimsi eesm\u00e4rgiks tuleval hooajal Premium liiga pilet lunastada. &#8220;Viimase nelja aasta jooksul on see n\u00fc\u00fcd k\u00f5ige parem variant,&#8221; arvas 21-aastane poolkaitsja.\u00a0&#13;\n<\/p>\n<p>Islandil m\u00e4ngides \u00fchendas K\u00f5re vuti ja t\u00f6\u00f6elu ning hooldas ka oma koduklubi staadionit. M\u00e4ngumehe s\u00f5nul oli v\u00f5imalus sinna ka naasta. &#8220;Kodu kutsus mind ikka kuidagi tagasi. Oleksin saanud samamoodi jalgpalli m\u00e4ngida ja t\u00f6\u00f6ga raha teenida, aga l\u00f5puks otsustasin Viimsi kasuks,&#8221; s\u00f5nas K\u00f5re, kes Viimsis ka noortegruppide treenerina t\u00f6\u00f6tab.\u00a0<\/p>\n<p>Tammeka vastu ei suutnud K\u00f5re Viimsit aga v\u00f5idule aidata. &#8220;Tase ei olnud tegelikult midagi erilist. Meie m\u00e4ng oli uimane ja tegime palju eksimusi,&#8221; tunnistas K\u00f5re. &#8220;M\u00e4ngupilt pole kindlasti nii hea, kui ta v\u00f5iks olla. Tihti oleme v\u00f5itnud seet\u00f5ttu, et vastased panevad noored v\u00e4ljakule ja me oleme kogemuse pealt \u00e4ra pannud.&#8221;&#13;\n<\/p>\n<p>K\u00f5re hinnangul tuleb Esiliiga v\u00f5itmiseks sooritustes veel k\u00f5vasti juurde panna. &#8220;Peame palliga ja ilma pallita paremad olema,&#8221; s\u00f5nas ta. Tulevaks hooajaks v\u00f5tsid Ivo Lehtmetsalt Viimsi juhendamise \u00fcle Andres Oper ja Arli Salm. &#8220;Uute peatreenerite duoga on ka teistsugune kui Ivoga oli. Oleme veel veidi vana treeneriga harjunud ja proovime uutest aru saada,&#8221; l\u00f5petas K\u00f5re.&#13;<\/p>\n","protected":false},"excerpt":{"rendered":"&#13; Taliturniiri B-tasandil alistas Tartu Tammeka koduses Annem\u00f5isa jalgpallihallis Viimsi JK 2:0. M\u00e4ngus osales ka Johann K\u00f5re, kes&hellip;\n","protected":false},"author":2,"featured_media":108835,"comment_status":"","ping_status":"","sticky":false,"template":"","format":"standard","meta":{"footnotes":"","_share_on_mastodon":"0"},"categories":[18],"tags":[37,33,35,1466,34,36,45194,45195,159,158,701,249,1728,2496,2474],"class_list":["post-108834","post","type-post","status-publish","format-standard","has-post-thumbnail","category-sport","tag-ee","tag-eesti","tag-eesti-keel","tag-esiliiga","tag-estonia","tag-estonian","tag-johann-kore","tag-kore","tag-sport","tag-sports","tag-tammeka","tag-tartu","tag-tartu-jk-tammeka","tag-viimsi","tag-viimsi-jk"],"share_on_mastodon":{"url":"https:\/\/pubeurope.com\/@ee\/116077068433807745","error":""},"_links":{"self":[{"href":"https:\/\/www.europesays.com\/ee\/wp-json\/wp\/v2\/posts\/108834","targetHints":{"allow":["GET"]}}],"collection":[{"href":"https:\/\/www.europesays.com\/ee\/wp-json\/wp\/v2\/posts"}],"about":[{"href":"https:\/\/www.europesays.com\/ee\/wp-json\/wp\/v2\/types\/post"}],"author":[{"embeddable":true,"href":"https:\/\/www.europesays.com\/ee\/wp-json\/wp\/v2\/users\/2"}],"replies":[{"embeddable":true,"href":"https:\/\/www.europesays.com\/ee\/wp-json\/wp\/v2\/comments?post=108834"}],"version-history":[{"count":0,"href":"https:\/\/www.europesays.com\/ee\/wp-json\/wp\/v2\/posts\/108834\/revisions"}],"wp:featuredmedia":[{"embeddable":true,"href":"https:\/\/www.europesays.com\/ee\/wp-json\/wp\/v2\/media\/108835"}],"wp:attachment":[{"href":"https:\/\/www.europesays.com\/ee\/wp-json\/wp\/v2\/media?parent=108834"}],"wp:term":[{"taxonomy":"category","embeddable":true,"href":"https:\/\/www.europesays.com\/ee\/wp-json\/wp\/v2\/categories?post=108834"},{"taxonomy":"post_tag","embeddable":true,"href":"https:\/\/www.europesays.com\/ee\/wp-json\/wp\/v2\/tags?post=108834"}],"curies":[{"name":"wp","href":"https:\/\/api.w.org\/{rel}","templated":true}]}}