{"id":108910,"date":"2026-02-16T06:27:06","date_gmt":"2026-02-16T06:27:06","guid":{"rendered":"https:\/\/www.europesays.com\/ee\/108910\/"},"modified":"2026-02-16T06:27:06","modified_gmt":"2026-02-16T06:27:06","slug":"ilmateade-pakane-paukumist-ei-jata-jargnevad-paevad-toovad-kuni-25-miinuskraadini-langevat-kulma-maaleht","status":"publish","type":"post","link":"https:\/\/www.europesays.com\/ee\/108910\/","title":{"rendered":"ILMATEADE | Pakane paukumist ei j\u00e4ta: j\u00e4rgnevad p\u00e4evad toovad kuni 25 miinuskraadini langevat k\u00fclma &#8211; Maaleht"},"content":{"rendered":"<ol>\n<li><a href=\"https:\/\/news.google.com\/rss\/articles\/CBMi1wFBVV95cUxOb09MSF8tMjQtQkMxZ01OUWFiTzN2alNPTTN5bnpqdDFRZ1JPOWdnYjFUdVhfa2dhYjM2T2dQb1kxRTI0Q0tVZWhfREhGa1o2TFpkbUh4QjV4Z0RFYVZhandjdFRMa1FxdHpMT1oxQ2s3REU3QmN6XzhrTks4V0l6NTZqUjVSSWhYUU1hWmQ4d2lFOHp6cm9fX1VSR3VaQUJQRDhFYkoyLWNvbkxDeHp4UWtVbVBuZFpvVFgxUTZHMVN4WVBpc0ZneUtUMlQxRVpLZ3RwWFAxdw?oc=5\" target=\"_blank\" rel=\"nofollow noopener\">ILMATEADE | Pakane paukumist ei j\u00e4ta: j\u00e4rgnevad p\u00e4evad toovad kuni 25 miinuskraadini langevat k\u00fclma<\/a>&nbsp;&nbsp;Maaleht<\/li>\n<li><a href=\"https:\/\/news.google.com\/rss\/articles\/CBMiZkFVX3lxTE9VZFRZRWl0UjRiRVhKMk5vZTBKa2FaLU9sbUdRQXJoQkZGNXNFZjI0WXF1T2pDZUdCNG1nNWZZMlpfTEY5QW1kTlBfYVliM0tHSTM2cndyaEVjc1RzejkxTFhwaTFVQQ?oc=5\" target=\"_blank\" rel=\"nofollow noopener\">K\u00e4re pakane p\u00fcsib<\/a>&nbsp;&nbsp;Ilmajaam<\/li>\n<li><a href=\"https:\/\/news.google.com\/rss\/articles\/CBMifkFVX3lxTFB3QVdaOE5Mck43LXpmUU5HbXV2LXpIWHc0b0xBN2txaHVKSTFZQ1R6MmE2THZicWFMNk5IZFlMVTJ2aVVCTXF2VHZnNFFIUFU1N0NSQXRWd0hBS2hsRUQtbGpycWNSUmlQclhlZWh4aXJZM3ZMMTRJSUZuMGFtZw?oc=5\" target=\"_blank\" rel=\"nofollow noopener\">P\u00fchap\u00e4eva p\u00e4eval l\u00e4heb ilm veidi mahedamaks<\/a>&nbsp;&nbsp;ERR<\/li>\n<li><a href=\"https:\/\/news.google.com\/rss\/articles\/CBMihgFBVV95cUxPUzhDR2FiNnlxa3NWOWNTYUFudUdEOFBlUVVuX1EtVDdET1dZdWx4SWVSTWRuY2lCWFBZYVcySXhaSkhmd24tY3FpVUNaQVVaWU1rRUpxcW91Qy1BSVEwRElZRjh3YktRSXgzVEh6NUtwQndIYkFjalZkM0J4VEl2TVRhYnktUQ?oc=5\" target=\"_blank\" rel=\"nofollow noopener\">S\u00fcnoptik: l\u00e4hip\u00e4evadel v\u00f5ib tulla ligi 30 kraadi k\u00fclma<\/a>&nbsp;&nbsp;L\u00f5unaeestlane<\/li>\n<li><a href=\"https:\/\/news.google.com\/rss\/articles\/CBMifkFVX3lxTE50bE9feWRmRURoZFRjZFM3MjJCNFBxSV9ra1RoMFB0WEduUWVyVEFiTEo3YkpsMUctYTMyVlhyTHkzejlVOWVVZmlLVWFleV9pLUl1R3VibGhsMjZFSTVCMFJoQ0UzN0dVaDF1VmNpaEIzVkVkQmdkRzdRRTB1Zw?oc=5\" target=\"_blank\" rel=\"nofollow noopener\">P\u00fchap\u00e4eva peale annab pakane j\u00e4rele<\/a>&nbsp;&nbsp;Ilmajaam<\/li>\n<\/ol>\n","protected":false},"excerpt":{"rendered":"ILMATEADE | Pakane paukumist ei j\u00e4ta: j\u00e4rgnevad p\u00e4evad toovad kuni 25 miinuskraadini langevat k\u00fclma&nbsp;&nbsp;Maaleht K\u00e4re pakane p\u00fcsib&nbsp;&nbsp;Ilmajaam P\u00fchap\u00e4eva&hellip;\n","protected":false},"author":2,"featured_media":108911,"comment_status":"","ping_status":"","sticky":false,"template":"","format":"standard","meta":{"footnotes":"","_share_on_mastodon":"0"},"categories":[18],"tags":[37,33,35,34,36,7430,18148,159,158],"class_list":["post-108910","post","type-post","status-publish","format-standard","has-post-thumbnail","category-sport","tag-ee","tag-eesti","tag-eesti-keel","tag-estonia","tag-estonian","tag-lorts","tag-pakane","tag-sport","tag-sports"],"share_on_mastodon":{"url":"https:\/\/pubeurope.com\/@ee\/116078893078899724","error":""},"_links":{"self":[{"href":"https:\/\/www.europesays.com\/ee\/wp-json\/wp\/v2\/posts\/108910","targetHints":{"allow":["GET"]}}],"collection":[{"href":"https:\/\/www.europesays.com\/ee\/wp-json\/wp\/v2\/posts"}],"about":[{"href":"https:\/\/www.europesays.com\/ee\/wp-json\/wp\/v2\/types\/post"}],"author":[{"embeddable":true,"href":"https:\/\/www.europesays.com\/ee\/wp-json\/wp\/v2\/users\/2"}],"replies":[{"embeddable":true,"href":"https:\/\/www.europesays.com\/ee\/wp-json\/wp\/v2\/comments?post=108910"}],"version-history":[{"count":0,"href":"https:\/\/www.europesays.com\/ee\/wp-json\/wp\/v2\/posts\/108910\/revisions"}],"wp:featuredmedia":[{"embeddable":true,"href":"https:\/\/www.europesays.com\/ee\/wp-json\/wp\/v2\/media\/108911"}],"wp:attachment":[{"href":"https:\/\/www.europesays.com\/ee\/wp-json\/wp\/v2\/media?parent=108910"}],"wp:term":[{"taxonomy":"category","embeddable":true,"href":"https:\/\/www.europesays.com\/ee\/wp-json\/wp\/v2\/categories?post=108910"},{"taxonomy":"post_tag","embeddable":true,"href":"https:\/\/www.europesays.com\/ee\/wp-json\/wp\/v2\/tags?post=108910"}],"curies":[{"name":"wp","href":"https:\/\/api.w.org\/{rel}","templated":true}]}}