{"id":108924,"date":"2026-02-16T06:49:08","date_gmt":"2026-02-16T06:49:08","guid":{"rendered":"https:\/\/www.europesays.com\/ee\/108924\/"},"modified":"2026-02-16T06:49:08","modified_gmt":"2026-02-16T06:49:08","slug":"tema-majesteet-komodiant-ja-vaike-suurklubi-kuhu-lahete-tottenham-ja-forest-soccernet-ee","status":"publish","type":"post","link":"https:\/\/www.europesays.com\/ee\/108924\/","title":{"rendered":"Tema majesteet kom\u00f6diant ja v\u00e4ike suurklubi. Kuhu l\u00e4hete, Tottenham ja Forest? &#8211; Soccernet.ee"},"content":{"rendered":"<p><img decoding=\"async\" src=\"https:\/\/www.europesays.com\/ee\/wp-content\/uploads\/2026\/02\/1771193434.jpg\" alt=\"Igav juba ei hakka: Nottingham Forestit t\u00fc\u00fcriv Evangelos Marinakis armastab hoogsaid otsuseid. Foto: Scanpix \/ Reuters \/ Chris Radburn\"\/>&#13;\n<\/p>\n<p>Erinevad ja samas nii sarnased. Tottenham Hotspur ja Nottingham Forest s\u00fcmboliseerivad t\u00e4navu liigagi h\u00e4sti seda, kui raske on olla tippliigasse kuuluv klubi, kes on edu maitsta saanud, aga sellest siis kohe ilma j\u00e4\u00e4nud. L\u00e4hedal &#8230; ja samas nii kaugel. Kas maksabki \u00fcldse imestada, et meeleheites kiputakse langetama kummalisi otsuseid?<\/p>\n<p>Inglismaa k\u00f5rgliigas on veebruari keskpaigaks tehtud seitse treenerivahetust \u2013 sama palju kui terve eelmise hooajaga kokku. K\u00f5igile konkurentidele teeb silmad ette Forest, kes alustas hooaega Nuno Espirito Santoga, n\u00e4itas portugallasele k\u00f5igest kolme liigavooru j\u00e4rel ust, t\u00f5i asendajaks Ange Postecoglou, saatis kaheksa m\u00e4ngu ja 39 p\u00e4eva j\u00e4rel austraallase minema, palkas Sean Dyche\u2019i ning vallandas 25 m\u00e4ngu ja v\u00e4hem kui neli kuud hiljem temagi. N\u00fc\u00fcd on \u2013 paberil pooleteiseks aastaks, tegelikkuses tont teab kui kauaks \u2013 ametis Vitor Pereira.&#13;\n<\/p>\n<p>Spurs on sellega v\u00f5rreldes olnud kannatlikkuse kehastus, sest kui suvel otsustati, et Euroopa liiga v\u00f5itja Postecoglou asemele tuuakse Thomas Frank, anti taanlasele l\u00f5puks t\u00f6\u00f6rahu 38 m\u00e4nguks. Kaheksa kuud hiljem, kui meeskond oli v\u00f5itnud viimasest 17 liigam\u00e4ngust vaid kaks, ei j\u00e4\u00e4nud juhtkonnal muud \u00fcle kui Frankiga leping l\u00f5petada. Hooaja l\u00f5puni t\u00fc\u00fcrib meeskonda horvaat Igor Tudor.&#13;\n<\/p>\n<blockquote class=\"twitter-tweet\"><p>&#13;<\/p>\n<p lang=\"en\" dir=\"ltr\">We are pleased to confirm the appointment of Igor Tudor as Men\u2019s Head Coach until the end of the season, subject to work permit.<\/p>\n<p>\ud83d\udd17 <a href=\"https:\/\/t.co\/IqK72rpNSg\" rel=\"nofollow\">https:\/\/t.co\/IqK72rpNSg<\/a> <a href=\"https:\/\/t.co\/31rCpoVQTj\" rel=\"nofollow\">pic.twitter.com\/31rCpoVQTj<\/a>&#13;<br \/>\n\u2014 Tottenham Hotspur (@SpursOfficial) <a href=\"https:\/\/twitter.com\/SpursOfficial\/status\/2022642289105883257?ref_src=twsrc%5Etfw\" rel=\"nofollow noopener\" target=\"_blank\">February 14, 2026<\/a><\/p>\n<\/blockquote>\n<p>&#8220;Tottenham ei ole suurklubi.&#8221; Kevadel meeskonna Euroopa liiga karikani viinud, aga liigas alles 17. kohal l\u00f5petanud Postecoglou ei ole \u00fchelt poolt justkui k\u00f5ige \u00f5igem mees endist t\u00f6\u00f6andjat kritiseerima. Otsekohesena ei hakanud ta \u00e4sjases intervjuus aga s\u00f5nu valima \u2013 ning ega ta kuigiv\u00f5rd eksinud.&#13;\n<\/p>\n<p>&#8220;Raske on aru saada, mida nad \u00fcritavad ehitada. Ilmselge, et klubi sai hiljuti valmis uskumatu staadioni ja uskumatu treeningbaasi, ent kui vaatame kulutamist ja eriti palgastruktuuri, ei ole Spurs suur klubi. N\u00e4gin seda oma silmaga, kui tahtsime h\u00e4id m\u00e4ngijaid palgata. Aga me ei suutnud turul teistega konkureerida,&#8221; r\u00e4\u00e4kis Postecoglou taskuh\u00e4\u00e4lingus The Overlap.<\/p>\n<p>Tulemused kinnitavad, et austraallane ei liialda. Tottenhami meeskond kuulub nime poolest endiselt suure kuuiku sekka, kus on veel m\u00f5lemad Manchesteri klubid City ja United ning kolm pealinna meeskonda ehk Liverpool, Arsenal ja Chelsea. Kuuest klubist on City olnud viimase k\u00fcmnekonna aasta l\u00f5ikes kindlalt parim, Liverpool kindlalt nende kannul teine. Viimastel aastatel hingab m\u00f5lemale kuklasse Arsenal, ehkki k\u00fcmne aasta l\u00f5ikes j\u00e4\u00e4vad nad paari kaheksanda koha t\u00f5ttu Cityst ja Liverpoolist selgelt maha.&#13;\n<\/p>\n<blockquote class=\"twitter-tweet\"><p>&#13;<\/p>\n<p lang=\"en\" dir=\"ltr\">Points won at home by the \u2018Big Six\u2019 in the Premier League this season:<\/p>\n<p>32 &#8211; Arsenal<br \/>&#13;<br \/>\n31<br \/>&#13;<br \/>\n30<br \/>&#13;<br \/>\n29 &#8211; Man City<br \/>&#13;<br \/>\n28<br \/>&#13;<br \/>\n27 &#8211; Man Utd<br \/>&#13;<br \/>\n26<br \/>&#13;<br \/>\n25<br \/>&#13;<br \/>\n24 &#8211; Liverpool<br \/>&#13;<br \/>\n23<br \/>&#13;<br \/>\n22 &#8211; Chelsea<br \/>&#13;<br \/>\n21<br \/>&#13;<br \/>\n20<br \/>&#13;<br \/>\n19<br \/>&#13;<br \/>\n18<br \/>&#13;<br \/>\n17<br \/>&#13;<br \/>\n16<br \/>&#13;<br \/>\n15<br \/>&#13;<br \/>\n14<br \/>&#13;<br \/>\n13<br \/>&#13;<br \/>\n12<br \/>&#13;<br \/>\n11<br \/>&#13;<br \/>\n10 &#8211; Tottenham <a href=\"https:\/\/t.co\/aWE1LXJFBj\" rel=\"nofollow\">pic.twitter.com\/aWE1LXJFBj<\/a>&#13;<br \/>\n\u2014 Squawka (@Squawka) <a href=\"https:\/\/twitter.com\/Squawka\/status\/2021337284004778375?ref_src=twsrc%5Etfw\" rel=\"nofollow noopener\" target=\"_blank\">February 10, 2026<\/a><\/p>\n<\/blockquote>\n<p>Chelsea, Manchester Unitedi ja Spursi viimase k\u00fcmne aasta keskmine koht j\u00e4\u00e4b viienda-kuuenda vahele. Chelseal kukkus k\u00fcll kolm hooaega tagasi korraks 12. tabelireale, ent on sealt kohe t\u00f5usnud taas Meistrite liiga kohtade nimel heitlejaks. Unitedil mahub k\u00fcmnesse aastasse kaks teist kohta, kahel eelmisel hooajal l\u00f5petati 8. ja mullu koguni 15. kohal, ent t\u00e4navu v\u00f5ideldakse j\u00e4lle esinelikusse p\u00e4\u00e4semise nimel.<\/p>\n<p>Teist aastat mudas&#13;\n<\/p>\n<p>Spurs kerkis Postecoglou k\u00e4e all tunamullu viiendaks, aga sai siis kurikuulsa 17. koha ning sipleb ka t\u00e4navu mudas. N\u00e4dalavahetusel oli v\u00e4ga l\u00e4hedal v\u00f5imalus, et v\u00e4ljalangemistsoonist lahutaks neid vaid kolm punkti, alles Manchester Unitedi hiline viigiv\u00e4rav West Hami v\u00f5rku k\u00e4ristas vahe viiele punktile. Mitte \u00fchelgi teisel &#8220;suure kuuiku&#8221; klubil ei ole kahte nii kehva j\u00e4rjestikust hooaega l\u00e4himinevikust ette n\u00e4idata.&#13;\n<\/p>\n<p>Tuleb k\u00fcll r\u00f5hutada, et Tottenhami on t\u00e4navu vaevanud enneolematu vigastustelaine. Laatsaretis olevatest meestest saaks kokku v\u00e4ga tugeva algkoosseisu, aga Premier League pisaraid ei usu. Franki n\u00e4gemus oli Spursi jaoks liialt kammitsev, m\u00e4ngijate usk treenerisse kadus ning l\u00f5puks p\u00f6\u00f6rdusid h\u00e4\u00e4lekalt tema vastu ka klubi f\u00e4nnid. Sel moel j\u00e4tkata olnuks m\u00f5ttetu, eriti kui arvestada, et Spurs peab veel t\u00f5siselt pingutama, et k\u00f5rgliigakoht ka uueks hooajaks kindlustada.&#13;\n<\/p>\n<p>Oleks vale \u00f6elda, et Spurs koonerdaks \u2013 nende palgafond oli eelmisel hooajal kogu liiga l\u00f5ikes seitsmes. Ent teist hooaega j\u00e4rjest ei mahutud esikuuikusse, kusjuures Deloitte\u2019i andmetel olid Spursi sissetulekud eelmisel hooajal Premier League\u2019i peale viiendad. Ometigi on viimastel aastatel j\u00e4\u00e4dud ilma Pedro Netost, Bryan Mbeumost, Marc Guehist ja Antoine Semenyost \u2013 k\u00f5ik neli on liitunud m\u00f5ne suure konkurendiga.<\/p>\n<p>Tasub siiski arvestada, et septembris vallandasid klubi omanikud pikaajalise tegevjuhi Daniel Levy, kelle s\u00fc\u00fcks oli passiivsust \u00fcleminekuturul juba ammu pandud. Jaanuarikuise \u00fcleminekuakna sulgumise j\u00e4rel lahkus Tottenhamist ka m\u00f5jukas spordidirektor Fabio Paratici. &#8220;Eelmise hooaja l\u00f5ppedes tehti mitu olulist p\u00f6\u00f6ret, mis paratamatult toovad kaasa ebastabiilsust. Aga Tottenham on \u00fcks kummaline klubi,&#8221; v\u00f5ttis Postecoglou olukorra kokku.&#13;\n<\/p>\n<p>Kreeka rapsija&#13;\n<\/p>\n<p>Veel kummalisem on Forest \u2013 v\u00f5i \u00f5igemini klubi omanik Evangelos Marinakis. Eelmisel hooajal \u00fcllatati k\u00f5iki, sest Forest p\u00fcsis pikalt suisa Meistrite liiga kohal, langedes sealt alles viimaste voorudega veidi madalamale. Siiski p\u00e4\u00e4seti Euroopa liigasse, kuid suvega l\u00e4ksid peatreener Nuno ja Marinakis \u00fcleminekute osas lootusetult t\u00fclli. See p\u00e4\u00e4dis hooaja alguse j\u00e4rel kiire vallandamisega ning Foresti polegi t\u00e4navu \u00f5ieti jalgu alla saanud.&#13;\n<\/p>\n<p>Postecoglou 39-p\u00e4evane ametiaeg on Premier League\u2019i enam kui 30-aastase ajaloo l\u00fchim. Vaid Sam Allardyce oli paari aasta eest Leedsi t\u00fc\u00fcri juures 30 p\u00e4eva, ent see oligi hooaja viimaseks neljaks vooruks v\u00e4lja m\u00f5eldud ajutine lahendus.<\/p>\n<p>Paradoksina ei olnud k\u00fcmnest m\u00e4ngust kaks viigistanud ja kaheksa kaotanud austraallase puhul niiv\u00f5rd ootamatu isegi mitte tema vallandamine, vaid pigem palkamine.Nuno ja Postecoglou m\u00e4ngustiilid poleks saanud naljalt vastandlikumad ollagi, mist\u00f5ttu polnud eriline \u00fcllatus, et meeskond ei suutnud nii kiirelt teistsuguste n\u00f5udmistega kohaneda.&#13;\n<\/p>\n<p><img decoding=\"async\" src=\"https:\/\/www.europesays.com\/ee\/wp-content\/uploads\/2026\/02\/1757186811.jpg\" alt=\"Evangelos Marinakis on mees, kes Nottingham Forestis keelab, k\u00e4seb, poob ja laseb. Foto: Scanpix \/ Paul Bonser \/ Sport Press Photo \/ Zuma Press\"\/>&#13;\n<\/p>\n<p>Teise paradoksina on Marinakis Foresti f\u00e4nnide seas endiselt populaarne. V\u00e4rvikas kreeklane teeb k\u00fcll tormakaid otsuseid, ent v\u00f5ib ka v\u00e4ita, et ilma temata oleks Forest kuskil hoopis mujal. 1970ndate l\u00f5pus kahel j\u00e4rjestikusel aastal Euroopa parimaks kroonitud klubi oli hooaja 2016-17 viimases voorus \u00fclil\u00e4hedal sellele, et kukkuda kaotuse korral kolmandale liigatasemele, League One\u2019i. K\u00f5igest \u00fcheksa aastat hiljem m\u00e4ngitakse aga Euroopa liigas.&#13;\n<\/p>\n<p>The Athletic toob v\u00e4lja, et Marinakise alfaisase-t\u00fc\u00fcpi hoiak meeldib Foresti f\u00e4nnidele, kes on aastaid pidanud taluma pilkeid ja torkeid, nagu oleks tegu minevikusuurusega. M\u00e4ngijate hankimisel pole Marinaksi rahakotiraudu kinni hoidnud ning kui aeg-ajalt tuleb m\u00f5ni talle mittemeeldiv peatreener p\u00e4evapealt lahti lasta, siis mis seal ikka &#8230;&#13;\n<\/p>\n<p>Eraldi v\u00f5etuna olid ehk isegi Nuno, Postecoglou ja Dyche\u2019i minemasaatmised \u00f5igustatud, ent kui omanik vallandab peatreenerid sama hooaja jooksul kolme, viie ja 18 m\u00e4ngu j\u00e4rel, tuleb tal endalgi peeglisse vaadata. Hooaeg, millest pidanuks mulluse \u00fcllatuslikult k\u00f5rge lennu j\u00e4rel kujunema pidu, sai pleki k\u00fclge juba kevadel, kui Marinakis n\u00e4is treenerit hurjutavat selle eest, et Meistrite liiga koht k\u00e4est libises.&#13;\n<\/p>\n<blockquote class=\"twitter-tweet\"><p>&#13;<\/p>\n<p lang=\"en\" dir=\"ltr\">Robin Hood vs Evangelos Marinakis! \ud83d\udd34\ud83c\uddec\ud83c\uddf7<\/p>\n<p>Nottingham Forest\u2019s owner is crazy, but it turns out that fans don\u2019t mind his chaos\u2026 \ud83d\udc40<\/p>\n<p>Nuno Esp\u00edrito Santo, Ange Postecoglou AND Sean Dyche in one season\u2026 which manager will be brave enough to work with Marinakis next? \ud83d\ude05 <a href=\"https:\/\/t.co\/jCOw3Cxk2g\" rel=\"nofollow\">pic.twitter.com\/jCOw3Cxk2g<\/a>&#13;<br \/>\n\u2014 Sleeper Football (@SleeperFooty) <a href=\"https:\/\/twitter.com\/SleeperFooty\/status\/2021923043464126780?ref_src=twsrc%5Etfw\" rel=\"nofollow noopener\" target=\"_blank\">February 12, 2026<\/a><\/p>\n<\/blockquote>\n<p>Suvi l\u00fckkas Nuno ja Marinakise suusad l\u00f5plikult risti, sest portugallane tahtis t\u00e4iendusi, Marinakis pakkus neid talle enda arvates piisavalt ja vihastas, kui peatreener rahule ei j\u00e4\u00e4nud. Mida peaks n\u00fc\u00fcd suutma Pereira? Parimal juhul tegema sama mida hiljuti Wolverhamptonis ehk alustuseks taastama keerulises seisus oleva meeskonna \u00fchtsuse.&#13;\n<\/p>\n<p>&#8220;Esmalt punktid, siis pindid,&#8221; teatas Pereira, kui ta 2024. aasta detsembris Wolvesi peatreeneriks asus ja f\u00e4nnidele kinnitas, et kavatseb v\u00f5ite koos nendega t\u00e4histada. Dyche ei suutnud neljakuulise ametiaja jooksul toetajaid enda poolele v\u00f5ita. The Athleticuga vestelnud Foresti t\u00f6\u00f6tajate v\u00e4itel \u00fcllatas isegi klubi juhtkonda, kui vaenuliku vilekooriga hiljutised negatiivsed tulemused staadionil vastu v\u00f5eti.&#13;\n<\/p>\n<p>Teisalt peab Pereira ka v\u00e4ljakul meeskonna uuesti korralikult tegutsema panema. Marinakise l\u00f5plik otsus Dyche\u2019i vallandamise kohta langes p\u00e4rast m\u00e4ngijate tuumikuga vestlemist \u2013 ent kui kriitilised tohivad peatreeneri suhtes olla mehed, kes pole \u00e4sja suutnud Wolvesi vastu 35 pealel\u00f6\u00f6gist ainsatki v\u00e4ravasse saata?&#13;\n<\/p>\n<p>Raha jagub&#13;\n<\/p>\n<p>Nuno ei saanud k\u00fcll soovitud mehi, ent oleks v\u00e4ga vale \u00f6elda, nagu Forest poleks kulutanud. Otse vastupidi, sest suvel saabus klubisse 200 miljoni naela eest tervelt 13 uut m\u00e4ngijat. Dyche ei suutnud aga meeskonna s\u00fcgavust \u00e4ra kasutada ning neli suvist t\u00e4iendust lahkus juba jaanuaris. Veel \u00fcks paradoks \u2013 m\u00e4ngijaid oli palju, aga \u00fcksteise trennides tagantutsitamine, mis toimis Nuno ajastul suurep\u00e4raselt, enam ei t\u00f6\u00f6tanud.&#13;\n<\/p>\n<p>Samas pole Foresti jaoks k\u00f5ik kadunud. Vaadakem v\u00f5i samuti Marinakisele kuuluvat Kreeka tippkluib Olympiacost. Hooaega 2023-24 alustati Diego Martineziga, kes pidas vastu detsembrini ehk 21 m\u00e4ngu. Carlos Carvalhal sai seej\u00e4rel \u00f5nne proovida 11 m\u00e4ngu jagu ning ajutise asendaja Sotiris Silaidopoulose j\u00e4rel saabus veebruaris pukki Jose Luis Mendilibar. Mais v\u00f5ideti juba Konverentsiliiga, mullu j\u00e4rgnes meistritiitel ja Mendilibar on siiani ametis.&#13;\n<\/p>\n<p>K\u00f5ige rohkem on viimasest n\u00e4dalast aga kasu l\u00f5iganud ilmselt Postecoglou. Viie kuu jooksul kahest klubist vallandamine ei n\u00e4e kellegi CV-s hea v\u00e4lja, aga kui kumbki su asemik ei j\u00f5ua samuti hooaega l\u00f5petada, on selge, et asi pole ainult sinus, vaid ka su t\u00f6\u00f6andjates. Ka Overlapile antud intervjuu, kus Postecoglou rahulikult, ent v\u00e4ga p\u00f5hjalikult Spursi probleeme lahkas, j\u00e4ttis temast positiivse mulje.&#13;\n<\/p>\n<p>&#13;\n<\/p>\n<p>Forest on aga juba p\u00fcstitanud \u00fche soovimatu rekordi \u2013 nimelt pole Premier League\u2019i ajastul \u00fckski meeskond nimetanud hooaja jooksul ametisse nelja p\u00fcsivat peatreenerit. Neli meest on k\u00fcll varem m\u00f5nda klubi aasta jooksul juhendanud, ent v\u00e4hemalt \u00fcks neist on alati olnud kohuset\u00e4itja.&#13;\n<\/p>\n<p>Klubi t\u00f5mblusi iseloomustab tabavalt seegi, et kui Pereiral \u00f5nnestub hooaja l\u00f5puni ehk viimased 14 m\u00e4ngu ametis p\u00fcsida, l\u00e4heb ta staa\u017ei poolest Foresti t\u00e4navuste juhendajate seas teisele kohale &#8230; Ent siinkohal on sobilik r\u00f5hutada s\u00f5na &#8220;kui&#8221;, sest Marinakise m\u00f5tteid ei oska keegi lugeda.                         <\/p>\n<p><script async src=\"https:\/\/platform.twitter.com\/widgets.js\" charset=\"utf-8\"><\/script><\/p>\n","protected":false},"excerpt":{"rendered":"&#13; Erinevad ja samas nii sarnased. Tottenham Hotspur ja Nottingham Forest s\u00fcmboliseerivad t\u00e4navu liigagi h\u00e4sti seda, kui raske&hellip;\n","protected":false},"author":2,"featured_media":108925,"comment_status":"","ping_status":"","sticky":false,"template":"","format":"standard","meta":{"footnotes":"","_share_on_mastodon":"0"},"categories":[18],"tags":[12996,37,33,35,34,36,3681,8467,15300,1101,51803,6985,3683,6000,6001,26000,6987,808,159,158,1109,18788,1110,15597,17224],"class_list":["post-108924","post","type-post","status-publish","format-standard","has-post-thumbnail","category-sport","tag-dyche","tag-ee","tag-eesti","tag-eesti-keel","tag-estonia","tag-estonian","tag-forest","tag-frank","tag-igor-tudor","tag-inglismaa","tag-levy","tag-marinakis","tag-nottingham-forest","tag-nuno","tag-nuno-espirito-santo","tag-pereira","tag-postecoglou","tag-premier-league","tag-sport","tag-sports","tag-spurs","tag-thomas-frank","tag-tottenham","tag-tudor","tag-vitor-pereira"],"share_on_mastodon":{"url":"https:\/\/pubeurope.com\/@ee\/116078979495157197","error":""},"_links":{"self":[{"href":"https:\/\/www.europesays.com\/ee\/wp-json\/wp\/v2\/posts\/108924","targetHints":{"allow":["GET"]}}],"collection":[{"href":"https:\/\/www.europesays.com\/ee\/wp-json\/wp\/v2\/posts"}],"about":[{"href":"https:\/\/www.europesays.com\/ee\/wp-json\/wp\/v2\/types\/post"}],"author":[{"embeddable":true,"href":"https:\/\/www.europesays.com\/ee\/wp-json\/wp\/v2\/users\/2"}],"replies":[{"embeddable":true,"href":"https:\/\/www.europesays.com\/ee\/wp-json\/wp\/v2\/comments?post=108924"}],"version-history":[{"count":0,"href":"https:\/\/www.europesays.com\/ee\/wp-json\/wp\/v2\/posts\/108924\/revisions"}],"wp:featuredmedia":[{"embeddable":true,"href":"https:\/\/www.europesays.com\/ee\/wp-json\/wp\/v2\/media\/108925"}],"wp:attachment":[{"href":"https:\/\/www.europesays.com\/ee\/wp-json\/wp\/v2\/media?parent=108924"}],"wp:term":[{"taxonomy":"category","embeddable":true,"href":"https:\/\/www.europesays.com\/ee\/wp-json\/wp\/v2\/categories?post=108924"},{"taxonomy":"post_tag","embeddable":true,"href":"https:\/\/www.europesays.com\/ee\/wp-json\/wp\/v2\/tags?post=108924"}],"curies":[{"name":"wp","href":"https:\/\/api.w.org\/{rel}","templated":true}]}}