{"id":109018,"date":"2026-02-16T08:55:06","date_gmt":"2026-02-16T08:55:06","guid":{"rendered":"https:\/\/www.europesays.com\/ee\/109018\/"},"modified":"2026-02-16T08:55:06","modified_gmt":"2026-02-16T08:55:06","slug":"ukraina-endisele-energiaministrile-esitati-korruptsioonisuudistus-ja-vahistati-riigist-lahkumise-katsel-maailm-postimees-ee","status":"publish","type":"post","link":"https:\/\/www.europesays.com\/ee\/109018\/","title":{"rendered":"Ukraina endisele energiaministrile esitati korruptsioonis\u00fc\u00fcdistus ja vahistati riigist lahkumise katsel &#8211; Maailm &#8211; Postimees.ee"},"content":{"rendered":"<ol>\n<li><a href=\"https:\/\/news.google.com\/rss\/articles\/CBMixAFBVV95cUxQTDRkcG9QcTBOMmZvbTdSMTVqMER3ZGN5UzJ6aTFKdkVacUxyTXdaaDAyemg3Um9jZ1JsdVNtQml6NXJtalRXUWktMnF0cFNSbnJhWGJKY3FrQzdtTzlOa0hRZTRmLUNnWUVPOFJSZHpQejUxTkFPbkJ4amNFbnBDRHBTLURSanZTbEZudmFfT0lyVVlzaF9LTmNsRnZlSVRSYnF1bXFva1l3QUZKOGZzeU5aWXZRUVRXZGVyWGNSblBVVG04?oc=5\" target=\"_blank\" rel=\"nofollow noopener\">Ukraina endisele energiaministrile esitati korruptsioonis\u00fc\u00fcdistus ja vahistati riigist lahkumise katsel<\/a>&nbsp;&nbsp;Maailm &#8211; Postimees.ee<\/li>\n<li><a href=\"https:\/\/news.google.com\/rss\/articles\/CBMirAFBVV95cUxNa3hkNkpyaXVsT2FPOTVBdXdJTnlGd08xT1Y0ZzFuU1h0bFRpeldhQ1FZRDZpSmh0ZFlrUzBQaVYxRENGUTdaMkd0ZEVNRlpCd0hHQlJ1MWJkMmVUMUxPQWdfOWhHYkNhZWc4LW5hdnBPek4zOGY2YTg3WWd1YzVtVTBvUjRYZVhiNDZfNkVKMGVmckFYdkJxUGFlRWdlNUNhQTlCQVFPbF9xTlVJ?oc=5\" target=\"_blank\" rel=\"nofollow noopener\">Ettev\u00f5tjad vihased: EISA muutis keset projekti tingimused topeltraskeks<\/a>&nbsp;&nbsp;Majandus<\/li>\n<li><a href=\"https:\/\/news.google.com\/rss\/articles\/CBMioAFBVV95cUxPM0NONzcyUGo5bXJiZkpETUtvTWZSMnNQU3M3bmhBVG04YTFOMkRzSUh2QUlfNkdLbVV5bnFIYi1ZX3Z3THpDVnZuZ1E1THZkLS1xcm1QcHZycTZWODhhNFR5LXZrb1hXTmFrUXJ0ZmJZYnl1WXo0ME4wWUxZc19rYWhtcFJJTDZjUGZKekJ0NnhsRWdHNzItWXNkR2lYZnFi?oc=5\" target=\"_blank\" rel=\"nofollow noopener\">Ukraina endine energeetikaminister peeti kinni katsel riigist p\u00f5geneda<\/a>&nbsp;&nbsp;eestinen<\/li>\n<li><a href=\"https:\/\/news.google.com\/rss\/articles\/CBMiqAFBVV95cUxOQUdzbkpWUms2OVlqSkx3eDY0bXhCR2poRjUxeGFXMW54OGlXOGZmTE4yem1iYWgyZ3pINzRxSGxHcUtzMnhBRXFLSVctTFpyN1RxUEJrOUdvSXlUV241RmdQZ2lVV1Z4UXJ1UEViY0tkOHBIVWpMblQ5UHhBQ19ldl8zR3BVTmR2V29pVVpoWFBOZXlPNXEtQ1hJcFlHTFZoZkd6d2ZUYjA?oc=5\" target=\"_blank\" rel=\"nofollow noopener\">Suur kaasus: Ukraina korruptsioonivastane b\u00fcroo vahistas eksministri<\/a>&nbsp;&nbsp;Majandus<\/li>\n<li><a href=\"https:\/\/news.google.com\/rss\/articles\/CBMiqAFBVV95cUxPY24yd0JFV0pObXhKRnRVZ18ydFpyRFduMzZxd1V0aXJLRG5xUzRZMGU4ajFoT1l1NGtUWmNMODF4SEwwVjIyZGlqZG1zVHh0c1ZyU0RmN0RrSUJ2WjBhYzRGeC1tUHlBWTUxMWxiNklTQW5OeGlSWjRqaFBQcHlYdEJPcWtuc09peEJId1BlTG94RE85SWlxaFFocVg5MHgycDNWelQzSXU?oc=5\" target=\"_blank\" rel=\"nofollow noopener\">Ukraina endisele energeetikaministrile esitati rahapesukahtlustus<\/a>&nbsp;&nbsp;Delfi<\/li>\n<\/ol>\n","protected":false},"excerpt":{"rendered":"Ukraina endisele energiaministrile esitati korruptsioonis\u00fc\u00fcdistus ja vahistati riigist lahkumise katsel&nbsp;&nbsp;Maailm &#8211; Postimees.ee Ettev\u00f5tjad vihased: EISA muutis keset projekti&hellip;\n","protected":false},"author":2,"featured_media":109019,"comment_status":"","ping_status":"","sticky":false,"template":"","format":"standard","meta":{"footnotes":"","_share_on_mastodon":"0"},"categories":[80],"tags":[26,27,37,33,35,27832,34,36,31,32,51824,21,4097,28,29,95,20082,19,25,23,24,22,20,30,92,93,94,3623],"class_list":["post-109018","post","type-post","status-publish","format-standard","has-post-thumbnail","category-maailm","tag-breaking-news","tag-breakingnews","tag-ee","tag-eesti","tag-eesti-keel","tag-energoatom","tag-estonia","tag-estonian","tag-featured-news","tag-featurednews","tag-halustsenko","tag-headlines","tag-korruptsioon","tag-latest-news","tag-latestnews","tag-maailm","tag-nabu","tag-news","tag-populaarseimad-lood","tag-top-stories","tag-topstories","tag-uldised-uudised","tag-uudised","tag-viimased-uudised","tag-world","tag-world-news","tag-worldnews","tag-zelenskoi"],"share_on_mastodon":{"url":"https:\/\/pubeurope.com\/@ee\/116079474976184898","error":""},"_links":{"self":[{"href":"https:\/\/www.europesays.com\/ee\/wp-json\/wp\/v2\/posts\/109018","targetHints":{"allow":["GET"]}}],"collection":[{"href":"https:\/\/www.europesays.com\/ee\/wp-json\/wp\/v2\/posts"}],"about":[{"href":"https:\/\/www.europesays.com\/ee\/wp-json\/wp\/v2\/types\/post"}],"author":[{"embeddable":true,"href":"https:\/\/www.europesays.com\/ee\/wp-json\/wp\/v2\/users\/2"}],"replies":[{"embeddable":true,"href":"https:\/\/www.europesays.com\/ee\/wp-json\/wp\/v2\/comments?post=109018"}],"version-history":[{"count":0,"href":"https:\/\/www.europesays.com\/ee\/wp-json\/wp\/v2\/posts\/109018\/revisions"}],"wp:featuredmedia":[{"embeddable":true,"href":"https:\/\/www.europesays.com\/ee\/wp-json\/wp\/v2\/media\/109019"}],"wp:attachment":[{"href":"https:\/\/www.europesays.com\/ee\/wp-json\/wp\/v2\/media?parent=109018"}],"wp:term":[{"taxonomy":"category","embeddable":true,"href":"https:\/\/www.europesays.com\/ee\/wp-json\/wp\/v2\/categories?post=109018"},{"taxonomy":"post_tag","embeddable":true,"href":"https:\/\/www.europesays.com\/ee\/wp-json\/wp\/v2\/tags?post=109018"}],"curies":[{"name":"wp","href":"https:\/\/api.w.org\/{rel}","templated":true}]}}