{"id":109043,"date":"2026-02-16T09:27:07","date_gmt":"2026-02-16T09:27:07","guid":{"rendered":"https:\/\/www.europesays.com\/ee\/109043\/"},"modified":"2026-02-16T09:27:07","modified_gmt":"2026-02-16T09:27:07","slug":"norra-suusahuppaja-teenis-milano-cortina-mangudel-ka-teise-kulla-om2026","status":"publish","type":"post","link":"https:\/\/www.europesays.com\/ee\/109043\/","title":{"rendered":"Norra suusah\u00fcppaja teenis Milano Cortina m\u00e4ngudel ka teise kulla | OM2026"},"content":{"rendered":"<p>Milano Cortina ol\u00fcmpiam\u00e4ngudel v\u00f5itis naiste suusah\u00fcpete suure m\u00e4e v\u00f5istluse norralanna Anna Odine Str\u00f6m (284,8 punkti), kes edestas koondisekaaslast Eirin Maria Kvandalit (282,7) ja sloveenlannat Nika Prevci (271,5).<\/p>\n<p>Esimese vooru j\u00e4rel asus v\u00f5istlust juhtima 24-aastane Kvandal, aga teise h\u00fcppega \u00f5nnestus koondisekaaslasel m\u00f6\u00f6duda ja teenida nii oma teine individuaalne kuldmedal Milano Cortina m\u00e4ngudelt. Ta oli parim ka normaalm\u00e4el.<\/p>\n<p>Segav\u00f5istkondade v\u00f5istlusel Norra koondisega lisaks h\u00f5bedale tulnud Str\u00f6mi jaoks on tegemist esimeste individuaalsete t\u00e4istabamustega tiitliv\u00f5istlustelt. Varsemalt oli tal MM-idelt kaks pronksi. MK-etappidelt on ta p\u00e4rast 2023. aasta Rasnovi esikohta saanud vaid \u00fche v\u00f5idu &#8211; mullu detsembris Wislas.<\/p>\n<p>T\u00e4navuse MK-hooaja valitseja Prevc seega Milano Cortina m\u00e4ngudel kuldmedalit ei saanudki. Normaalm\u00e4e v\u00f5istlusel pidi ta leppima h\u00f5bedaga ja suurel m\u00e4el oli avavooru j\u00e4rel alles viies, kuid suutis teise h\u00fcppega siiski pjedestalile kerkida.<\/p>\n<p>Kaheksa hulka j\u00f5udsid p\u00fchap\u00e4eval veel Frida Westman (Rootsi; 265,4), Silje Opseth (Norra; 262,6), Heidi Dyhre Traaserud (Norra; 259,1), Lisa Eder (Austria; 257,6) ja normaalm\u00e4e pronks Nozomi Maruyama (Jaapan; 257,0).<\/p>\n<p>Naiste suure m\u00e4e v\u00f5istlus oli ol\u00fcmpiam\u00e4ngudel kavas esimest korda.<\/p>\n","protected":false},"excerpt":{"rendered":"Milano Cortina ol\u00fcmpiam\u00e4ngudel v\u00f5itis naiste suusah\u00fcpete suure m\u00e4e v\u00f5istluse norralanna Anna Odine Str\u00f6m (284,8 punkti), kes edestas koondisekaaslast&hellip;\n","protected":false},"author":2,"featured_media":109044,"comment_status":"","ping_status":"","sticky":false,"template":"","format":"standard","meta":{"footnotes":"","_share_on_mastodon":"0"},"categories":[18],"tags":[49479,37,33,35,34,36,4319,28525,159,158],"class_list":["post-109043","post","type-post","status-publish","format-standard","has-post-thumbnail","category-sport","tag-anna-odine-strom","tag-ee","tag-eesti","tag-eesti-keel","tag-estonia","tag-estonian","tag-milano-cortina-olumpia","tag-om2026","tag-sport","tag-sports"],"share_on_mastodon":{"url":"https:\/\/pubeurope.com\/@ee\/116079600851901768","error":""},"_links":{"self":[{"href":"https:\/\/www.europesays.com\/ee\/wp-json\/wp\/v2\/posts\/109043","targetHints":{"allow":["GET"]}}],"collection":[{"href":"https:\/\/www.europesays.com\/ee\/wp-json\/wp\/v2\/posts"}],"about":[{"href":"https:\/\/www.europesays.com\/ee\/wp-json\/wp\/v2\/types\/post"}],"author":[{"embeddable":true,"href":"https:\/\/www.europesays.com\/ee\/wp-json\/wp\/v2\/users\/2"}],"replies":[{"embeddable":true,"href":"https:\/\/www.europesays.com\/ee\/wp-json\/wp\/v2\/comments?post=109043"}],"version-history":[{"count":0,"href":"https:\/\/www.europesays.com\/ee\/wp-json\/wp\/v2\/posts\/109043\/revisions"}],"wp:featuredmedia":[{"embeddable":true,"href":"https:\/\/www.europesays.com\/ee\/wp-json\/wp\/v2\/media\/109044"}],"wp:attachment":[{"href":"https:\/\/www.europesays.com\/ee\/wp-json\/wp\/v2\/media?parent=109043"}],"wp:term":[{"taxonomy":"category","embeddable":true,"href":"https:\/\/www.europesays.com\/ee\/wp-json\/wp\/v2\/categories?post=109043"},{"taxonomy":"post_tag","embeddable":true,"href":"https:\/\/www.europesays.com\/ee\/wp-json\/wp\/v2\/tags?post=109043"}],"curies":[{"name":"wp","href":"https:\/\/api.w.org\/{rel}","templated":true}]}}