{"id":109120,"date":"2026-02-16T10:47:08","date_gmt":"2026-02-16T10:47:08","guid":{"rendered":"https:\/\/www.europesays.com\/ee\/109120\/"},"modified":"2026-02-16T10:47:08","modified_gmt":"2026-02-16T10:47:08","slug":"nadala-ilmaprognoos-%e2%9f%a9-nadalalopus-kaivitab-lumemolder-veskid","status":"publish","type":"post","link":"https:\/\/www.europesays.com\/ee\/109120\/","title":{"rendered":"N\u00c4DALA ILMAPROGNOOS \u27e9 N\u00e4dalal\u00f5pus k\u00e4ivitab lumem\u00f6lder veskid"},"content":{"rendered":"<p>Atlandi ts\u00fcklon j\u00e4i oodatust viletsamaks ja k\u00fclm k\u00f5rgr\u00f5huala taastas oma positsioonid, aga l\u00e4hema n\u00e4dala prognoos n\u00e4itab uut \u00abl\u00e4bimurret\u00bb l\u00e4\u00e4nest.<\/p>\n<p>Homme paikneb k\u00f5rgr\u00f5hukese otse Eesti kohal ja nihkub \u00fclehomseks Loode-Venemaale. Neljap\u00e4evaks j\u00f5uab Mustal merel j\u00f5udu kogunud ts\u00fcklon Kesk-Venemaale ja reedeks Peterburi l\u00e4histele, tuues Eestisse lumesaju.<\/p>\n","protected":false},"excerpt":{"rendered":"Atlandi ts\u00fcklon j\u00e4i oodatust viletsamaks ja k\u00fclm k\u00f5rgr\u00f5huala taastas oma positsioonid, aga l\u00e4hema n\u00e4dala prognoos n\u00e4itab uut \u00abl\u00e4bimurret\u00bb&hellip;\n","protected":false},"author":2,"featured_media":109121,"comment_status":"","ping_status":"","sticky":false,"template":"","format":"standard","meta":{"footnotes":"","_share_on_mastodon":"0"},"categories":[12],"tags":[26,27,37,33,35,34,36,31,32,21,28,29,3965,19,27777,25,23,24,22,20,30],"class_list":["post-109120","post","type-post","status-publish","format-standard","has-post-thumbnail","category-eesti","tag-breaking-news","tag-breakingnews","tag-ee","tag-eesti","tag-eesti-keel","tag-estonia","tag-estonian","tag-featured-news","tag-featurednews","tag-headlines","tag-latest-news","tag-latestnews","tag-nadala-ilmaprognoos","tag-news","tag-parnumaa-nadala-ilmaennustus","tag-populaarseimad-lood","tag-top-stories","tag-topstories","tag-uldised-uudised","tag-uudised","tag-viimased-uudised"],"share_on_mastodon":{"url":"https:\/\/pubeurope.com\/@ee\/116079915533327244","error":""},"_links":{"self":[{"href":"https:\/\/www.europesays.com\/ee\/wp-json\/wp\/v2\/posts\/109120","targetHints":{"allow":["GET"]}}],"collection":[{"href":"https:\/\/www.europesays.com\/ee\/wp-json\/wp\/v2\/posts"}],"about":[{"href":"https:\/\/www.europesays.com\/ee\/wp-json\/wp\/v2\/types\/post"}],"author":[{"embeddable":true,"href":"https:\/\/www.europesays.com\/ee\/wp-json\/wp\/v2\/users\/2"}],"replies":[{"embeddable":true,"href":"https:\/\/www.europesays.com\/ee\/wp-json\/wp\/v2\/comments?post=109120"}],"version-history":[{"count":0,"href":"https:\/\/www.europesays.com\/ee\/wp-json\/wp\/v2\/posts\/109120\/revisions"}],"wp:featuredmedia":[{"embeddable":true,"href":"https:\/\/www.europesays.com\/ee\/wp-json\/wp\/v2\/media\/109121"}],"wp:attachment":[{"href":"https:\/\/www.europesays.com\/ee\/wp-json\/wp\/v2\/media?parent=109120"}],"wp:term":[{"taxonomy":"category","embeddable":true,"href":"https:\/\/www.europesays.com\/ee\/wp-json\/wp\/v2\/categories?post=109120"},{"taxonomy":"post_tag","embeddable":true,"href":"https:\/\/www.europesays.com\/ee\/wp-json\/wp\/v2\/tags?post=109120"}],"curies":[{"name":"wp","href":"https:\/\/api.w.org\/{rel}","templated":true}]}}