{"id":109129,"date":"2026-02-16T10:58:19","date_gmt":"2026-02-16T10:58:19","guid":{"rendered":"https:\/\/www.europesays.com\/ee\/109129\/"},"modified":"2026-02-16T10:58:19","modified_gmt":"2026-02-16T10:58:19","slug":"ida-viru-kutsekooli-opilastest-viiendik-ei-taha-eesti-keelt-oppida-eesti","status":"publish","type":"post","link":"https:\/\/www.europesays.com\/ee\/109129\/","title":{"rendered":"Ida-Viru kutsekooli \u00f5pilastest viiendik ei taha eesti keelt \u00f5ppida | Eesti"},"content":{"rendered":"<p>Ida-Virumaa kutsehariduskeskuse (IVKHK) eesti keele kursustele ei ilmu regulaarselt kohale umbes viiendik \u00f5pilastest, teatas kooli direktor Hendrik Agur. Narva linnapea Katri Raigi s\u00f5nul on s\u00fc\u00fc selles ka koolil endal.<\/p>\n<p>Agur selgitas p\u00fchap\u00e4eval sotsiaalmeediapostituses, et 2. veebruaril alanud kahekuulisele eesti keele kursusele ei ilmu regulaarselt umbes sadakond \u00f5pilast kohale.<\/p>\n<p>See on keele\u00f5ppes osalevast 500 \u00f5pilasest viiendik.<\/p>\n<p>Agur kirjutas venekeelses p\u00f6\u00f6rdumises kooli lastevanematele, et nad r\u00e4\u00e4giksid kodus lastega ning r\u00f5hutaks, et intensiivne keele\u00f5pe ei ole mitte kohustus, vaid v\u00f5imalus.<\/p>\n<p>&#8220;Arutage lastega, kui oluline on see periood nende elus, ning aidake neil m\u00f5ista, et praegu tuleb seda v\u00f5imalust maksimaalselt kasutada. Tuleb lihtsalt tulla kooli ja \u00f5ppida. Oleme teinud k\u00f5ik vajaliku selleks, et teie lapsed saaksid eesti keele kvaliteetselt omandada,&#8221; kirjutas ta.<\/p>\n<p>Aguri \u00fcleskutsele reageeris esmasp\u00e4eval kriitiliselt Narva linnapea Katri Raik, kes leidis, et Aguril ja koolil on kodut\u00f6\u00f6 tegemata.<\/p>\n<p>&#8220;Alustasite suures mahus eesti keele \u00f5ppega. Kas r\u00e4\u00e4kisite enne \u00f5pilastega, kas kaasasite nad \u00f5ppe kavandamisse, kas k\u00fcsisite arvamust? Kas kutsusite vanemaid kokku? Kas selgitasite laiemale kohalikule avalikkusele?&#8221; kirjutas Raik.<\/p>\n<p>Raik soovitas koolil \u00f5pilaste poole p\u00f6\u00f6rduda individuaalse l\u00e4henemisega.<\/p>\n<p>&#8220;Kui ma tohin endise koolijuhina soovitada, siis nii koolijuht kui \u00f5ppen\u00f5ustajad: individuaalsed p\u00f6\u00f6rdumised, telefonik\u00f5ned, isiklikud kirjad (AI ei aita!), kohtumised nn kadunud \u00f5pilasega. Olete juba n\u00e4dala kaotanud. Mis siin oodata? Oma \u00f5pilased tuleb ikka ise \u00fcles leida,&#8221; selgitas ta.<\/p>\n<p>IVKHK alustas <a href=\"https:\/\/www.err.ee\/1609929710\/ida-virumaa-kutsehariduskeskuses-algas-eesti-keele-intensiivope\" target=\"_blank\" rel=\"noopener nofollow\">2. veebruarist<\/a> keelekursuseid\u00a0kooli esimese ja teise kursuse \u00f5pilastele, kelle eesti keele oskus ei vastanud B1-tasemele.<\/p>\n<p>Aguri s\u00f5nul ei osanud paljud IVKHK \u00f5pilased eesti keeles isegi elementaarseid fraase, r\u00e4\u00e4kimata eesti keeles hariduse omandamisest. Seep\u00e4rast otsustas Agur peatada keele omandamise ajaks kutse\u00f5ppet\u00f6\u00f6.<\/p>\n<p>Kursuse korraldamiseks pidi kutsehariduskeskus juurde palkama \u00fcle 20 keele\u00f5petaja ning siiani otsitakse veel viit keele\u00f5petajat.<\/p>\n<p>Keele\u00f5petajatele, keda otsitakse t\u00f6\u00f6le kolmeks kuni viieks kuuks, on IVKHK lubanud v\u00e4hemalt 3000 euro suurust palka ning tasuta elamispinda.<\/p>\n","protected":false},"excerpt":{"rendered":"Ida-Virumaa kutsehariduskeskuse (IVKHK) eesti keele kursustele ei ilmu regulaarselt kohale umbes viiendik \u00f5pilastest, teatas kooli direktor Hendrik Agur.&hellip;\n","protected":false},"author":2,"featured_media":109130,"comment_status":"","ping_status":"","sticky":false,"template":"","format":"standard","meta":{"footnotes":"","_share_on_mastodon":"0"},"categories":[12],"tags":[26,27,37,33,35,34,36,31,32,21,2219,32951,11884,13547,28,29,19,25,23,24,22,20,30],"class_list":["post-109129","post","type-post","status-publish","format-standard","has-post-thumbnail","category-eesti","tag-breaking-news","tag-breakingnews","tag-ee","tag-eesti","tag-eesti-keel","tag-estonia","tag-estonian","tag-featured-news","tag-featurednews","tag-headlines","tag-hendrik-agur","tag-ida-virumaa-kutsehariduskeskus","tag-katri-raik","tag-keeleope","tag-latest-news","tag-latestnews","tag-news","tag-populaarseimad-lood","tag-top-stories","tag-topstories","tag-uldised-uudised","tag-uudised","tag-viimased-uudised"],"share_on_mastodon":{"url":"https:\/\/pubeurope.com\/@ee\/116079958744720090","error":""},"_links":{"self":[{"href":"https:\/\/www.europesays.com\/ee\/wp-json\/wp\/v2\/posts\/109129","targetHints":{"allow":["GET"]}}],"collection":[{"href":"https:\/\/www.europesays.com\/ee\/wp-json\/wp\/v2\/posts"}],"about":[{"href":"https:\/\/www.europesays.com\/ee\/wp-json\/wp\/v2\/types\/post"}],"author":[{"embeddable":true,"href":"https:\/\/www.europesays.com\/ee\/wp-json\/wp\/v2\/users\/2"}],"replies":[{"embeddable":true,"href":"https:\/\/www.europesays.com\/ee\/wp-json\/wp\/v2\/comments?post=109129"}],"version-history":[{"count":0,"href":"https:\/\/www.europesays.com\/ee\/wp-json\/wp\/v2\/posts\/109129\/revisions"}],"wp:featuredmedia":[{"embeddable":true,"href":"https:\/\/www.europesays.com\/ee\/wp-json\/wp\/v2\/media\/109130"}],"wp:attachment":[{"href":"https:\/\/www.europesays.com\/ee\/wp-json\/wp\/v2\/media?parent=109129"}],"wp:term":[{"taxonomy":"category","embeddable":true,"href":"https:\/\/www.europesays.com\/ee\/wp-json\/wp\/v2\/categories?post=109129"},{"taxonomy":"post_tag","embeddable":true,"href":"https:\/\/www.europesays.com\/ee\/wp-json\/wp\/v2\/tags?post=109129"}],"curies":[{"name":"wp","href":"https:\/\/api.w.org\/{rel}","templated":true}]}}