{"id":109297,"date":"2026-02-16T14:31:06","date_gmt":"2026-02-16T14:31:06","guid":{"rendered":"https:\/\/www.europesays.com\/ee\/109297\/"},"modified":"2026-02-16T14:31:06","modified_gmt":"2026-02-16T14:31:06","slug":"alampalk-touseb-60-euro-vorra-kasv-uletab-hinnatousu","status":"publish","type":"post","link":"https:\/\/www.europesays.com\/ee\/109297\/","title":{"rendered":"Alampalk t\u00f5useb 60 euro v\u00f5rra, kasv \u00fcletab hinnat\u00f5usu"},"content":{"rendered":"<p>Riiklik lepitaja esitas t\u00e4na Eesti t\u00f6\u00f6andjate keskliidule ja Eesti ameti\u00fchingute keskliidule lepitusettepaneku kehtestada alates 1. aprillist kuutasu alamm\u00e4\u00e4raks t\u00e4ist\u00f6\u00f6ajaga t\u00f6\u00f6tamise korral 946 eurot ja tunnitasu alamm\u00e4\u00e4raks 5,3 eurot.<\/p>\n<p>\u201eAlampalk t\u00f5useb sellega enam kui kaks korda kiiremini prognoositud hinnat\u00f5usust ja veerandi v\u00f5rra tempokamalt keskmisest palgast. See t\u00e4hendab, et v\u00e4iksema sissetulekuga inimeste ostuj\u00f5ud paraneb oluliselt,\u201c r\u00f5hutas Eesti t\u00f6\u00f6andjate keskliidu volikogu liige ja t\u00f6\u00f6turu t\u00f6\u00f6r\u00fchma juht Ain K\u00e4pp. <\/p>\n<p>\u201eSamas tuleb arvestada, et ettev\u00f5tjate valmisolek ettepanekuga n\u00f5ustuda on suur vastutulek. Mitmes valdkonnas ei ole nimelt sel aastal \u00e4rimahtude v\u00e4henemise v\u00f5i majandusseisaku t\u00f5ttu v\u00f5imalik palku sellise kiirusega t\u00f5sta. Veel enam, t\u00f6\u00f6andjad on kriisi ajal t\u00f6\u00f6tajaid hoidnud ja palgad on majanduslangusele vaatamata kiiret kasvu j\u00e4tkanud, sest Eestis on s\u00fcvenev vajalike oskustega t\u00f6\u00f6tajate puudus,\u201c lisas ta.<\/p>\n<p>Miinimumpalk ehk riikliku t\u00f6\u00f6tasu alamm\u00e4\u00e4r on madalaim tasu, mida t\u00f6\u00f6andja v\u00f5ib Eestis maksta t\u00e4ist\u00f6\u00f6ajaga t\u00f6\u00f6tavale inimesele.<\/p>\n<p>Selle suuruse lepivad igal aastal kokku sotsiaalpartnerid Eesti t\u00f6\u00f6andjate keskliit ja Eesti ameti\u00fchingute keskliit ning selle kinnitab vabariigi valitsus.<\/p>\n<p>2026. aasta alampalga kokku leppimine <a rel=\"noopener noreferrer nofollow\" target=\"_blank\" href=\"https:\/\/employers.ee\/alampalga-labiraakimised-jatkuvad-riikliku-lepitaja-juures\/\" class=\"x_OWAAutoLink\" data-rel-date-range=\"[]\">j\u00f5udis lepitajale lahendamiseks<\/a>, sest ameti\u00fchingud tegid l\u00e4bir\u00e4\u00e4kimiste k\u00e4igus t\u00f6\u00f6andjatele ultimatiivse ettepaneku, millega mitten\u00f5ustumisel pidi kokkulepet vahendama hakkama riiklik lepitaja.<\/p>\n<p>Hetkel ja uue kokkuleppe j\u00f5ustumiseni kehtib 2025. aasta t\u00f6\u00f6tasu alamm\u00e4\u00e4r ehk 886 eurot.<\/p>\n<p>Kuidas see lugu Sind end tundma pani? Saada <a href=\"https:\/\/arileht.delfi.ee\/artikkel\/120436633\/alampalk-touseb-60-euro-vorra-kasv-uletab-hinnatousu\/kommentaarid\" class=\"article-body-bottom__comment article-body-bottom__comment--write button button--primary button--size-auto\" rel=\"nofollow noopener\" target=\"_blank\"> Kommenteeri <\/a><a href=\"https:\/\/arileht.delfi.ee\/artikkel\/120436633\/alampalk-touseb-60-euro-vorra-kasv-uletab-hinnatousu\/kommentaarid\" class=\"article-body-bottom__comment article-body-bottom__comment--read button button--size-auto\" rel=\"nofollow noopener\" target=\"_blank\"> Loe kommentaare (23)<\/a><\/p>\n","protected":false},"excerpt":{"rendered":"Riiklik lepitaja esitas t\u00e4na Eesti t\u00f6\u00f6andjate keskliidule ja Eesti ameti\u00fchingute keskliidule lepitusettepaneku kehtestada alates 1. aprillist kuutasu alamm\u00e4\u00e4raks&hellip;\n","protected":false},"author":2,"featured_media":109298,"comment_status":"","ping_status":"","sticky":false,"template":"","format":"standard","meta":{"footnotes":"","_share_on_mastodon":"0"},"categories":[5],"tags":[5669,26,27,37,33,35,5619,34,36,31,32,21,28,29,19,25,23,24,22,20,30],"class_list":["post-109297","post","type-post","status-publish","format-standard","has-post-thumbnail","category-uldised-uudised","tag-alampalk","tag-breaking-news","tag-breakingnews","tag-ee","tag-eesti","tag-eesti-keel","tag-eesti-tooandjate-keskliit","tag-estonia","tag-estonian","tag-featured-news","tag-featurednews","tag-headlines","tag-latest-news","tag-latestnews","tag-news","tag-populaarseimad-lood","tag-top-stories","tag-topstories","tag-uldised-uudised","tag-uudised","tag-viimased-uudised"],"share_on_mastodon":{"url":"https:\/\/pubeurope.com\/@ee\/116080796129801708","error":""},"_links":{"self":[{"href":"https:\/\/www.europesays.com\/ee\/wp-json\/wp\/v2\/posts\/109297","targetHints":{"allow":["GET"]}}],"collection":[{"href":"https:\/\/www.europesays.com\/ee\/wp-json\/wp\/v2\/posts"}],"about":[{"href":"https:\/\/www.europesays.com\/ee\/wp-json\/wp\/v2\/types\/post"}],"author":[{"embeddable":true,"href":"https:\/\/www.europesays.com\/ee\/wp-json\/wp\/v2\/users\/2"}],"replies":[{"embeddable":true,"href":"https:\/\/www.europesays.com\/ee\/wp-json\/wp\/v2\/comments?post=109297"}],"version-history":[{"count":0,"href":"https:\/\/www.europesays.com\/ee\/wp-json\/wp\/v2\/posts\/109297\/revisions"}],"wp:featuredmedia":[{"embeddable":true,"href":"https:\/\/www.europesays.com\/ee\/wp-json\/wp\/v2\/media\/109298"}],"wp:attachment":[{"href":"https:\/\/www.europesays.com\/ee\/wp-json\/wp\/v2\/media?parent=109297"}],"wp:term":[{"taxonomy":"category","embeddable":true,"href":"https:\/\/www.europesays.com\/ee\/wp-json\/wp\/v2\/categories?post=109297"},{"taxonomy":"post_tag","embeddable":true,"href":"https:\/\/www.europesays.com\/ee\/wp-json\/wp\/v2\/tags?post=109297"}],"curies":[{"name":"wp","href":"https:\/\/api.w.org\/{rel}","templated":true}]}}