{"id":109344,"date":"2026-02-16T15:24:07","date_gmt":"2026-02-16T15:24:07","guid":{"rendered":"https:\/\/www.europesays.com\/ee\/109344\/"},"modified":"2026-02-16T15:24:07","modified_gmt":"2026-02-16T15:24:07","slug":"ara-unusta-kust-sa-parit-oled-telekokk-gordon-ramsay-sekkumine-beckhamite-peredraamasse-lopetas-tema-ja-brooklyni-sopruse","status":"publish","type":"post","link":"https:\/\/www.europesays.com\/ee\/109344\/","title":{"rendered":"\u201e\u00c4ra unusta, kust sa p\u00e4rit oled!\u201c Telekokk Gordon Ramsay sekkumine Beckhamite peredraamasse l\u00f5petas tema ja Brooklyni s\u00f5pruse"},"content":{"rendered":"<p>M\u00f5ne p\u00e4eva eest andis staarkokk <a rel=\"noopener nofollow\" target=\"_blank\" href=\"https:\/\/www.delfi.ee\/teema\/23798823\/gordon-ramsay\" tag-id=\"23798823\">Gordon Ramsay<\/a> v\u00e4ljaandele The Sun intervjuu, kus ta r\u00e4\u00e4kis muu hulgas l\u00e4bisaamisest ammuste peres\u00f5prade Beckhamitega. Ramsay avaldas, et hoolimata l\u00e4hedastest suhetest David Beckhamiga on ta s\u00e4ilitanud suhtluse ka perekonnast v\u00f5\u00f5randunud <a rel=\"noopener nofollow\" target=\"_blank\" href=\"https:\/\/www.delfi.ee\/teema\/68353227\/brooklyn-beckham\" tag-id=\"68353227\">Brooklyn Beckhami<\/a> ja tema abikaasa Nicola Peltziga. <\/p>\n<p>Teatavasti on staarkokk saanud Brooklyn Beckhamiga v\u00e4ga h\u00e4sti l\u00e4bi, sest tema poeg Jack Scott Ramsay on Brooklyniga \u00fchevanune ning noorusp\u00f5lves palju koos aega veetnud. Lisaks on Gordon Ramsay olnud Brooklynile teen\u00e4itajaks seoses tema kokanduskirega. Hiljaaegu antud intervjuus r\u00e4\u00e4kis Ramsay avameelselt Beckhamite perekonna t\u00fclist ja avaldas lootust, et nad tulevad sellest siiski v\u00e4lja.<\/p>\n<p>Oled juba tellija?Logi sisse<\/p>\n<p><a href=\"https:\/\/kroonika.delfi.ee\/artikkel\/120436628\/ara-unusta-kust-sa-parit-oled-telekokk-gordon-ramsay-sekkumine-peredraamasse-lopetas-tema-ja-brooklyn-beckhami-sopruse\/kommentaarid\" class=\"article-body-bottom__comment article-body-bottom__comment--write button button--primary button--size-auto\" rel=\"nofollow noopener\" target=\"_blank\"> Kommenteeri <\/a><a href=\"https:\/\/kroonika.delfi.ee\/artikkel\/120436628\/ara-unusta-kust-sa-parit-oled-telekokk-gordon-ramsay-sekkumine-peredraamasse-lopetas-tema-ja-brooklyn-beckhami-sopruse\/kommentaarid\" class=\"article-body-bottom__comment article-body-bottom__comment--read button button--size-auto\" rel=\"nofollow noopener\" target=\"_blank\"> Loe kommentaare <\/a><\/p>\n","protected":false},"excerpt":{"rendered":"M\u00f5ne p\u00e4eva eest andis staarkokk Gordon Ramsay v\u00e4ljaandele The Sun intervjuu, kus ta r\u00e4\u00e4kis muu hulgas l\u00e4bisaamisest ammuste&hellip;\n","protected":false},"author":2,"featured_media":109345,"comment_status":"","ping_status":"","sticky":false,"template":"","format":"standard","meta":{"footnotes":"","_share_on_mastodon":"0"},"categories":[80],"tags":[26,27,8541,37,33,35,34,36,31,32,10475,21,28,29,95,19,25,23,24,22,20,30,92,93,94],"class_list":["post-109344","post","type-post","status-publish","format-standard","has-post-thumbnail","category-maailm","tag-breaking-news","tag-breakingnews","tag-brooklyn-beckham","tag-ee","tag-eesti","tag-eesti-keel","tag-estonia","tag-estonian","tag-featured-news","tag-featurednews","tag-gordon-ramsay","tag-headlines","tag-latest-news","tag-latestnews","tag-maailm","tag-news","tag-populaarseimad-lood","tag-top-stories","tag-topstories","tag-uldised-uudised","tag-uudised","tag-viimased-uudised","tag-world","tag-world-news","tag-worldnews"],"share_on_mastodon":{"url":"https:\/\/pubeurope.com\/@ee\/116081004613666828","error":""},"_links":{"self":[{"href":"https:\/\/www.europesays.com\/ee\/wp-json\/wp\/v2\/posts\/109344","targetHints":{"allow":["GET"]}}],"collection":[{"href":"https:\/\/www.europesays.com\/ee\/wp-json\/wp\/v2\/posts"}],"about":[{"href":"https:\/\/www.europesays.com\/ee\/wp-json\/wp\/v2\/types\/post"}],"author":[{"embeddable":true,"href":"https:\/\/www.europesays.com\/ee\/wp-json\/wp\/v2\/users\/2"}],"replies":[{"embeddable":true,"href":"https:\/\/www.europesays.com\/ee\/wp-json\/wp\/v2\/comments?post=109344"}],"version-history":[{"count":0,"href":"https:\/\/www.europesays.com\/ee\/wp-json\/wp\/v2\/posts\/109344\/revisions"}],"wp:featuredmedia":[{"embeddable":true,"href":"https:\/\/www.europesays.com\/ee\/wp-json\/wp\/v2\/media\/109345"}],"wp:attachment":[{"href":"https:\/\/www.europesays.com\/ee\/wp-json\/wp\/v2\/media?parent=109344"}],"wp:term":[{"taxonomy":"category","embeddable":true,"href":"https:\/\/www.europesays.com\/ee\/wp-json\/wp\/v2\/categories?post=109344"},{"taxonomy":"post_tag","embeddable":true,"href":"https:\/\/www.europesays.com\/ee\/wp-json\/wp\/v2\/tags?post=109344"}],"curies":[{"name":"wp","href":"https:\/\/api.w.org\/{rel}","templated":true}]}}