{"id":109416,"date":"2026-02-16T16:58:06","date_gmt":"2026-02-16T16:58:06","guid":{"rendered":"https:\/\/www.europesays.com\/ee\/109416\/"},"modified":"2026-02-16T16:58:06","modified_gmt":"2026-02-16T16:58:06","slug":"voimas-nublu-purustas-spotifys-eesti-lugude-paevase-kuulamisrekordi","status":"publish","type":"post","link":"https:\/\/www.europesays.com\/ee\/109416\/","title":{"rendered":"V\u00f5imas! nublu purustas Spotifys Eesti lugude p\u00e4evase kuulamisrekordi"},"content":{"rendered":"<p>V\u00e4lisekspertide s\u00f5nul on TIEF CITY 44 seni p\u00f5randa all tegutsenud, rahvuslikult meelestatud hea-tuju-r\u00fchmitus. M\u00f5ned kohalikud vaatlejad on nimetanud seda nublu kuraatorprojektiks. Julgeolekuinimesed m\u00f5lemal pool Atlandit aga hoiatavad, et oodata on tervendavat atendaati Eesti levimuusikale.<\/p>\n<p>Loo \u201ekesselaid\u201c produtseeris Fredi (Frederik K\u00fc\u00fcts), kes on \u00fchtlasi kollektiivi SADU liige ja produtsent ning nublu teisegi eduka loo \u201eLausu T\u00f5tt\u201c produtsent. <\/p>\n<p>V\u00e4rske loo \u201ekesselaid\u201c miksis ja masterdas <a rel=\"noopener nofollow\" target=\"_blank\" href=\"https:\/\/www.delfi.ee\/teema\/77096722\/vallo-kikas\" tag-id=\"77096722\">Vallo Kikas<\/a>. Uuele lool valmis ka muusikavideo, mille tootis <a rel=\"noopener nofollow\" target=\"_blank\" href=\"https:\/\/www.delfi.ee\/teema\/75416671\/allfilm\" tag-id=\"75416671\">Allfilm<\/a>. Muusikavideo re\u017eiss\u00f6\u00f6r on Johannes Magnus Aule.<\/p>\n<p>Eeloleval suvel annavad kaks n\u00f5utud duot \u2013 nublu ja <a rel=\"noopener nofollow\" target=\"_blank\" href=\"https:\/\/www.delfi.ee\/teema\/24665137\/vaiko-eplik\" tag-id=\"24665137\">Vaiko Eplik<\/a> ning ansambel SADU \u2013 \u00fcle Eesti kolm \u00fchiskontserti, millest kaks on t\u00e4naseks juba v\u00e4lja m\u00fc\u00fcdud. Kolmas suurejooneline \u00fchiskontsert toimub 15. augustil <a rel=\"noopener nofollow\" target=\"_blank\" href=\"https:\/\/www.delfi.ee\/teema\/56816128\/rakvere-vallimagi\" tag-id=\"56816128\">Rakvere Vallim\u00e4gi<\/a>, kuhu on veel pileteid saadaval. Piletid on m\u00fc\u00fcgil <a rel=\"noopener nofollow\" target=\"_blank\" href=\"https:\/\/www.piletitasku.ee\/et\/event\/9352\" data-rel-date-range=\"[]\">Piletitaskus<\/a>.<\/p>\n<p>Kuidas see lugu Sind end tundma pani? Saada <a href=\"https:\/\/kroonika.delfi.ee\/artikkel\/120436630\/voimas-nublu-purustas-eesti-lugude-paevase-kuulamisrekordi-spotifys\/kommentaarid\" class=\"article-body-bottom__comment article-body-bottom__comment--write button button--primary button--size-auto\" rel=\"nofollow noopener\" target=\"_blank\"> Kommenteeri <\/a><a href=\"https:\/\/kroonika.delfi.ee\/artikkel\/120436630\/voimas-nublu-purustas-eesti-lugude-paevase-kuulamisrekordi-spotifys\/kommentaarid\" class=\"article-body-bottom__comment article-body-bottom__comment--read button button--size-auto\" rel=\"nofollow noopener\" target=\"_blank\"> Loe kommentaare (11)<\/a><\/p>\n","protected":false},"excerpt":{"rendered":"V\u00e4lisekspertide s\u00f5nul on TIEF CITY 44 seni p\u00f5randa all tegutsenud, rahvuslikult meelestatud hea-tuju-r\u00fchmitus. M\u00f5ned kohalikud vaatlejad on nimetanud&hellip;\n","protected":false},"author":2,"featured_media":109417,"comment_status":"","ping_status":"","sticky":false,"template":"","format":"standard","meta":{"footnotes":"","_share_on_mastodon":"0"},"categories":[84],"tags":[52019,37,33,35,173,34,36,140,215,144,52018,550,18464],"class_list":["post-109416","post","type-post","status-publish","format-standard","has-post-thumbnail","category-muusika","tag-allfilm","tag-ee","tag-eesti","tag-eesti-keel","tag-entertainment","tag-estonia","tag-estonian","tag-meelelahutus","tag-music","tag-muusika","tag-rakvere-vallimagi","tag-vaiko-eplik","tag-vallo-kikas"],"share_on_mastodon":{"url":"https:\/\/pubeurope.com\/@ee\/116081374147345338","error":""},"_links":{"self":[{"href":"https:\/\/www.europesays.com\/ee\/wp-json\/wp\/v2\/posts\/109416","targetHints":{"allow":["GET"]}}],"collection":[{"href":"https:\/\/www.europesays.com\/ee\/wp-json\/wp\/v2\/posts"}],"about":[{"href":"https:\/\/www.europesays.com\/ee\/wp-json\/wp\/v2\/types\/post"}],"author":[{"embeddable":true,"href":"https:\/\/www.europesays.com\/ee\/wp-json\/wp\/v2\/users\/2"}],"replies":[{"embeddable":true,"href":"https:\/\/www.europesays.com\/ee\/wp-json\/wp\/v2\/comments?post=109416"}],"version-history":[{"count":0,"href":"https:\/\/www.europesays.com\/ee\/wp-json\/wp\/v2\/posts\/109416\/revisions"}],"wp:featuredmedia":[{"embeddable":true,"href":"https:\/\/www.europesays.com\/ee\/wp-json\/wp\/v2\/media\/109417"}],"wp:attachment":[{"href":"https:\/\/www.europesays.com\/ee\/wp-json\/wp\/v2\/media?parent=109416"}],"wp:term":[{"taxonomy":"category","embeddable":true,"href":"https:\/\/www.europesays.com\/ee\/wp-json\/wp\/v2\/categories?post=109416"},{"taxonomy":"post_tag","embeddable":true,"href":"https:\/\/www.europesays.com\/ee\/wp-json\/wp\/v2\/tags?post=109416"}],"curies":[{"name":"wp","href":"https:\/\/api.w.org\/{rel}","templated":true}]}}