{"id":109462,"date":"2026-02-16T18:20:07","date_gmt":"2026-02-16T18:20:07","guid":{"rendered":"https:\/\/www.europesays.com\/ee\/109462\/"},"modified":"2026-02-16T18:20:07","modified_gmt":"2026-02-16T18:20:07","slug":"wsj-miljonid-inimesed-seisavad-kongos-silmitsi-naljahadaga-valismaa","status":"publish","type":"post","link":"https:\/\/www.europesays.com\/ee\/109462\/","title":{"rendered":"WSJ: miljonid inimesed seisavad Kongos silmitsi n\u00e4ljah\u00e4daga | V\u00e4lismaa"},"content":{"rendered":"<p>Ajaleht The Wall Street Journal kirjutab, et r\u00fchmitus M23 pole suutnud end Kongo Demokraatliku Vabariigi idaosas kehtestada ning s\u00f5jast r\u00e4situd piirkonnas valitseb t\u00f5sine toidupuudus. Miljonid inimesed seisavad seet\u00f5ttu silmitsi n\u00e4ljah\u00e4daga.<\/p>\n<p>M23 vallutas umbes aasta tagasi Kongo idaosa suurima linna Goma ja p\u00fc\u00fcab end n\u00fc\u00fcd piirkonnas kehtestada. Asjaga kursis olevad inimesed \u00fctlesid samas, et r\u00fchmitus ajas piirkonnas tegutsevad p\u00f5llumehed nende maalt minema.<\/p>\n<p>Saak l\u00e4ks raisku, samal ajal blokeerib r\u00fchmitus toiduimporti ning enamikus kauplustes on letid t\u00fchjad. Nendes poodides, kus toitu veel leidub, on liha, piima, teravilja ja k\u00f6\u00f6giviljade hinnad kerkinud lakke.<\/p>\n<p>Goma linnas t\u00f6\u00f6tav meditsiinit\u00f6\u00f6taja Noella Amisi \u00fctles, et tormas kohe poodi, kui oli Kongo pealinnas\u00a0 Kinshasas elavalt abikaasalt saanud 30 dollarit. Ta pidi tundide kaupa linnas ringi k\u00e4ima, kuid ei leidnudki toitu.<\/p>\n<p>&#8220;Ma lihtsalt p\u00fc\u00fcan anda parimat, et mu lapsed ei n\u00e4lgiks, aga iga p\u00e4evaga l\u00e4heb olukord hullemaks,&#8221; \u00fctles 28-aastane Amisi.\u00a0<\/p>\n<p>Ajaleht <a href=\"https:\/\/www.wsj.com\/world\/africa\/millions-face-starvation-in-congo-their-new-rulers-are-to-blame-498c02db?mod=world_lead_story\" target=\"_blank\" rel=\"noopener nofollow\">The Wall Street Journal<\/a> toob v\u00e4lja, et Kongo idaosa on juba aastaid vaevelnud vaesuse k\u00e4es. Seej\u00e4rel vallutas maavaraderikka piirkonna Rwanda toetatud r\u00fchmitus M23 ning olukord l\u00e4ks veelgi hullemaks.<\/p>\n<p>Rwanda p\u00fc\u00fcab tugevdada oma haaret Kongo idaosa \u00fcle ja aitab n\u00fc\u00fcd M23-l luua seal autonoomset piirkonda. Rwanda enda majandus kasvab kiiresti, osaliselt just t\u00e4nu Kongos asuvatele maavaradele.<\/p>\n<p>&#8220;Kongo idaosa on pikka aega olnud Rwanda salajane majandusmootor. M23 toimib n\u00fc\u00fcd\u00a0 Rwanda m\u00f5juv\u00f5imu relvastatud k\u00e4epikendusena,&#8221; \u00fctles Washingtonis asuva m\u00f5ttekoja Global Initiative anal\u00fc\u00fctik Zobel Behalal.\u00a0<\/p>\n<p>Anal\u00fc\u00fctikute s\u00f5nul meenutab M23 tegevus n\u00fc\u00fcd olukorda, mis p\u00f5hjustas 1985. aasta n\u00e4ljah\u00e4da Etioopias.\u00a0<\/p>\n<p>&#8220;M23 m\u00e4ssuline r\u00fchmitus tekitab j\u00f5hkra maksukogumise ning omandi\u00f5iguse karmi kontrolli kaudu tsiviilelanikele tohutuid kannatusi,&#8221; \u00fctles valitsusv\u00e4lise organisatsiooni International Crisis Group anal\u00fc\u00fctik Richard Moncrieff.\u00a0<\/p>\n<p>Rwanda eitab M23 toetamist ja v\u00e4idab, et riigi v\u00e4ed tegutsevad hutu \u00e4\u00e4rmuslaste moodustatud r\u00fchmituse vastu. Viimased korraldasid 1994. aasta Rwanda genotsiidi ning p\u00f5genesid seej\u00e4rel Kongosse.<\/p>\n<p>Kongo kommunikatsiooniminister Patrick Muyaya \u00fctles samas, et Rwanda piirab teadlikult toidutarneid riigi idaossa.\u00a0<\/p>\n<p>&#8220;Seda kampaaniat ei saa \u00f5igustada enesekaitsena. See on katse kindlustada majanduslik kontroll, tehes seda relvastatud r\u00fchmituse abil,&#8221; \u00fctles Patrick Muyaya.\u00a0<\/p>\n","protected":false},"excerpt":{"rendered":"Ajaleht The Wall Street Journal kirjutab, et r\u00fchmitus M23 pole suutnud end Kongo Demokraatliku Vabariigi idaosas kehtestada ning&hellip;\n","protected":false},"author":2,"featured_media":109463,"comment_status":"","ping_status":"","sticky":false,"template":"","format":"standard","meta":{"footnotes":"","_share_on_mastodon":"0"},"categories":[80],"tags":[1114,26,27,37,33,35,34,36,31,32,21,21976,28,29,95,52030,19,25,1713,23,24,22,20,30,92,93,94],"class_list":["post-109462","post","type-post","status-publish","format-standard","has-post-thumbnail","category-maailm","tag-aafrika","tag-breaking-news","tag-breakingnews","tag-ee","tag-eesti","tag-eesti-keel","tag-estonia","tag-estonian","tag-featured-news","tag-featurednews","tag-headlines","tag-kongo","tag-latest-news","tag-latestnews","tag-maailm","tag-naljahada","tag-news","tag-populaarseimad-lood","tag-rwanda","tag-top-stories","tag-topstories","tag-uldised-uudised","tag-uudised","tag-viimased-uudised","tag-world","tag-world-news","tag-worldnews"],"share_on_mastodon":{"url":"https:\/\/pubeurope.com\/@ee\/116081696759415819","error":""},"_links":{"self":[{"href":"https:\/\/www.europesays.com\/ee\/wp-json\/wp\/v2\/posts\/109462","targetHints":{"allow":["GET"]}}],"collection":[{"href":"https:\/\/www.europesays.com\/ee\/wp-json\/wp\/v2\/posts"}],"about":[{"href":"https:\/\/www.europesays.com\/ee\/wp-json\/wp\/v2\/types\/post"}],"author":[{"embeddable":true,"href":"https:\/\/www.europesays.com\/ee\/wp-json\/wp\/v2\/users\/2"}],"replies":[{"embeddable":true,"href":"https:\/\/www.europesays.com\/ee\/wp-json\/wp\/v2\/comments?post=109462"}],"version-history":[{"count":0,"href":"https:\/\/www.europesays.com\/ee\/wp-json\/wp\/v2\/posts\/109462\/revisions"}],"wp:featuredmedia":[{"embeddable":true,"href":"https:\/\/www.europesays.com\/ee\/wp-json\/wp\/v2\/media\/109463"}],"wp:attachment":[{"href":"https:\/\/www.europesays.com\/ee\/wp-json\/wp\/v2\/media?parent=109462"}],"wp:term":[{"taxonomy":"category","embeddable":true,"href":"https:\/\/www.europesays.com\/ee\/wp-json\/wp\/v2\/categories?post=109462"},{"taxonomy":"post_tag","embeddable":true,"href":"https:\/\/www.europesays.com\/ee\/wp-json\/wp\/v2\/tags?post=109462"}],"curies":[{"name":"wp","href":"https:\/\/api.w.org\/{rel}","templated":true}]}}