{"id":109473,"date":"2026-02-16T18:33:06","date_gmt":"2026-02-16T18:33:06","guid":{"rendered":"https:\/\/www.europesays.com\/ee\/109473\/"},"modified":"2026-02-16T18:33:06","modified_gmt":"2026-02-16T18:33:06","slug":"eesti-juudi-noukogu-holokausti-teemat-ei-tohi-kasutada-poliitiliseks-eneseupitamiseks-2","status":"publish","type":"post","link":"https:\/\/www.europesays.com\/ee\/109473\/","title":{"rendered":"Eesti Juudi N\u00f5ukogu: holokausti teemat ei tohi kasutada poliitiliseks eneseupitamiseks"},"content":{"rendered":"<p>\u201eSellised avaldused on \u00e4\u00e4rmiselt vastutustundetud, solvavad ajaloom\u00e4lu ning riivavad nende inimeste tundeid, kelle jaoks holokausti trag\u00f6\u00f6dia ei ole abstraktne ajaloo peat\u00fckk, vaid osa perekondlikust saatusest. Kaasaegses demokraatlikus \u00fchiskonnas on niisugused v\u00e4lja\u00fctlemised lubamatud ning me m\u00f5istame need resoluutselt hukka,\u201c teatas n\u00f5ukogu. <\/p>\n<p><a href=\"http:\/\/www.delfi.ee\/artikkel\/120436251\/isamaa-noorpoliitik-kris-karner-tegi-holokausti-teemal-ehmatava-avalduse-fraktsiooni-juht-ma-kohklen-kas-ta-on-oppimisvoimeline#dalrel-in-article\" class=\"content-embedded-articles-single__embedded-article\" data-v-469265ed=\"\" rel=\"nofollow noopener\" target=\"_blank\"><\/p>\n<p> 15.02.2026 <\/p>\n<p> Isamaa noorpoliitik Kris K\u00e4rner tegi holokausti teemal ehmatava avalduse. Fraktsiooni juht: ma k\u00f5hklen, kas ta on \u00f5ppimisv\u00f5imeline  (674) <\/p>\n<p><\/a><\/p>\n<p>\u201eHolokaust on \u00fcks inimkonna ajaloo traagilisemaid peat\u00fckke, mis n\u00f5udis miljonite juutide ning teiste rahvaste ja v\u00e4hemuste esindajate elu. Selle teema kasutamine poliitilistel v\u00f5i muudel eesm\u00e4rkidel on lugupidamatuse v\u00e4ljendus hukkunute m\u00e4lestuse ning inimv\u00e4\u00e4rikuse alusp\u00f5him\u00f5tete suhtes,\u201c lisati. <\/p>\n<p>Pressiteates r\u00f5hutati, et poliitiline arutelu Eestis peab p\u00f5hinema austusel, ajaloolisel vastutusel ja lubatu piiride m\u00f5istmisel. N\u00f5ukogu on enda s\u00f5nul veendunud, et sellised juhtumid viitavad murettekitavatele suundumustele poliitilises kultuuris. \u201ePoliitiline kultuur, mis v\u00f5imaldab 20. sajandi trag\u00f6\u00f6diate kasutamist t\u00e4helepanu t\u00f5mbamise eesm\u00e4rgil, vajab t\u00f5sist \u00fcmberm\u00f5testamist ja muutust,\u201c \u00f6eldi teates.<\/p>\n<p>N\u00f5ukogu kutsub Eesti riigi- ja poliitilisi juhte andma sellistele avaldustele selge ja \u00fchem\u00f5ttelise hinnangu ning algatama t\u00f5sise arutelu v\u00f5imaliku seaduse vastuv\u00f5tmise \u00fcle, mis n\u00e4eks ette kriminaalvastutuse holokausti eitamise ning selle teema poliitilistel v\u00f5i muudel eesm\u00e4rkidel kuritarvitamise eest.<\/p>\n<p>\u201eS\u00f5navabadus on demokraatliku \u00fchiskonna \u00fcks alustalasid, kuid see ei vabasta vastutusest,\u201c lausus n\u00f5ukogu. \u201eSeal, kus on \u00f5igused, peab olema ka vastutus. holokausti teema kasutamine enesereklaami v\u00f5i poliitilise eneseupitamise eesm\u00e4rgil peab l\u00f5ppema. Holokausti ohvrite m\u00e4lestus v\u00e4\u00e4rib austust, v\u00e4\u00e4rikust ja vaikust.\u201c<\/p>\n<p>Eesti juudi kogukonna n\u00f5ukogu t\u00e4nas \u00fchtlasi k\u00f5iki \u00fchiskonna- ja poliitikategelasi, kes on Tartu linnavolikogu liikme v\u00e4lja\u00fctlemised hukka m\u00f5istnud ning v\u00e4ljendanud toetust Eesti juudi kogukonnale.<\/p>\n<p>Kuidas see lugu Sind end tundma pani? Saada <a href=\"https:\/\/www.delfi.ee\/artikkel\/120436675\/eesti-juudi-noukogu-holokausti-teemat-ei-tohi-kasutada-poliitiliseks-eneseupitamiseks\/kommentaarid\" class=\"article-body-bottom__comment article-body-bottom__comment--write button button--primary button--size-auto\" rel=\"nofollow noopener\" target=\"_blank\"> Kommenteeri <\/a><a href=\"https:\/\/www.delfi.ee\/artikkel\/120436675\/eesti-juudi-noukogu-holokausti-teemat-ei-tohi-kasutada-poliitiliseks-eneseupitamiseks\/kommentaarid\" class=\"article-body-bottom__comment article-body-bottom__comment--read button button--size-auto\" rel=\"nofollow noopener\" target=\"_blank\"> Loe kommentaare (39)<\/a><\/p>\n","protected":false},"excerpt":{"rendered":"\u201eSellised avaldused on \u00e4\u00e4rmiselt vastutustundetud, solvavad ajaloom\u00e4lu ning riivavad nende inimeste tundeid, kelle jaoks holokausti trag\u00f6\u00f6dia ei ole&hellip;\n","protected":false},"author":2,"featured_media":108673,"comment_status":"","ping_status":"","sticky":false,"template":"","format":"standard","meta":{"footnotes":"","_share_on_mastodon":"0"},"categories":[5],"tags":[26,27,37,33,35,34,36,31,32,21,12521,28,29,19,25,23,24,22,20,30],"class_list":["post-109473","post","type-post","status-publish","format-standard","has-post-thumbnail","category-uldised-uudised","tag-breaking-news","tag-breakingnews","tag-ee","tag-eesti","tag-eesti-keel","tag-estonia","tag-estonian","tag-featured-news","tag-featurednews","tag-headlines","tag-kris-karner","tag-latest-news","tag-latestnews","tag-news","tag-populaarseimad-lood","tag-top-stories","tag-topstories","tag-uldised-uudised","tag-uudised","tag-viimased-uudised"],"share_on_mastodon":{"url":"https:\/\/pubeurope.com\/@ee\/116081747728951891","error":""},"_links":{"self":[{"href":"https:\/\/www.europesays.com\/ee\/wp-json\/wp\/v2\/posts\/109473","targetHints":{"allow":["GET"]}}],"collection":[{"href":"https:\/\/www.europesays.com\/ee\/wp-json\/wp\/v2\/posts"}],"about":[{"href":"https:\/\/www.europesays.com\/ee\/wp-json\/wp\/v2\/types\/post"}],"author":[{"embeddable":true,"href":"https:\/\/www.europesays.com\/ee\/wp-json\/wp\/v2\/users\/2"}],"replies":[{"embeddable":true,"href":"https:\/\/www.europesays.com\/ee\/wp-json\/wp\/v2\/comments?post=109473"}],"version-history":[{"count":0,"href":"https:\/\/www.europesays.com\/ee\/wp-json\/wp\/v2\/posts\/109473\/revisions"}],"wp:featuredmedia":[{"embeddable":true,"href":"https:\/\/www.europesays.com\/ee\/wp-json\/wp\/v2\/media\/108673"}],"wp:attachment":[{"href":"https:\/\/www.europesays.com\/ee\/wp-json\/wp\/v2\/media?parent=109473"}],"wp:term":[{"taxonomy":"category","embeddable":true,"href":"https:\/\/www.europesays.com\/ee\/wp-json\/wp\/v2\/categories?post=109473"},{"taxonomy":"post_tag","embeddable":true,"href":"https:\/\/www.europesays.com\/ee\/wp-json\/wp\/v2\/tags?post=109473"}],"curies":[{"name":"wp","href":"https:\/\/api.w.org\/{rel}","templated":true}]}}