{"id":109506,"date":"2026-02-16T19:46:08","date_gmt":"2026-02-16T19:46:08","guid":{"rendered":"https:\/\/www.europesays.com\/ee\/109506\/"},"modified":"2026-02-16T19:46:08","modified_gmt":"2026-02-16T19:46:08","slug":"ebaonn-asja-klubi-vahetanud-ukraina-staari-hooaeg-on-vigastuse-tottu-loppenud-soccernet-ee","status":"publish","type":"post","link":"https:\/\/www.europesays.com\/ee\/109506\/","title":{"rendered":"Eba\u00f5nn! \u00c4sja klubi vahetanud Ukraina staari hooaeg on vigastuse t\u00f5ttu l\u00f5ppenud &#8211; Soccernet.ee"},"content":{"rendered":"<p><img decoding=\"async\" src=\"https:\/\/www.europesays.com\/ee\/wp-content\/uploads\/2026\/02\/1771269300.jpg\" alt=\"Oleksandr Zint\u0161enko hooaeg on l\u00f5ppenud. Foto: Scanpix \/ Olaf Kraak \/ EPA\"\/>&#13;\n<\/p>\n<p>36-kordne Hollandi meister Amsterdami Ajax teatas, et nende jaanuarikuine t\u00e4iendus Oleksandr Zint\u0161enko sel hooajal enam murule ei astu.<\/p>\n<p>Pool kuud tagasi otsustas 29-aastane Ukraina staar Zint\u0161enko l\u00f5petada poolte kokkuleppele enneaegselt laenulepingu Nottingham Forestiga. Emaklubi Londoni Arsenali juurde naasmise asemel s\u00f5lmis \u00e4\u00e4rekaitsja pooleaastase kontrahti Ajaxiga.&#13;\n<\/p>\n<p>Karj\u00e4\u00e4ri jooksul neli korda Inglismaa meistriks kroonitud Zint\u0161enko tegi Hollandi pealinnaklubi ridades deb\u00fc\u00fcdi kaheksandal veebruaril, sekkudes 1:1 viigim\u00e4ngus AZ Alkmaari vastu viimaseks 14 minutiks. N\u00e4dal hiljem kuulus ta algkoosseisu Sittardi Fortuna vastu, ent kuus minutit p\u00e4rast avavile k\u00f5lamist vahetati ta p\u00f5lvevigastuse t\u00f5ttu v\u00e4lja.&#13;\n<\/p>\n<p>Ajax teatas, et Zint\u0161enko trauma on sedav\u00f5rd t\u00f5sine, et ukrainlasele tuleb teha operatsioon ja seej\u00e4rel peab ta kuus kuni seitse kuud taastuma. See t\u00e4hendab, et kaitsem\u00e4ngija jaoks on t\u00e4navune hooaeg l\u00e4bi, lisaks ei osale ta MM-finaalturniirile viivates s\u00f5elm\u00e4ngudes ega suure t\u00f5en\u00e4osusega suvisel suurv\u00f5istlusel, kui Ukraina peaks sinna kvalifitseeruma.<\/p>\n<blockquote class=\"twitter-tweet\"><p>&#13;<\/p>\n<p lang=\"en\" dir=\"ltr\">Oleksandr Zinchenko has been ruled out for an extended period. <\/p>\n<p>Get well soon, Zinny \u2665\ufe0f&#13;<br \/>\n\u2014 AFC Ajax (@AFCAjax) <a href=\"https:\/\/twitter.com\/AFCAjax\/status\/2023404501084889262?ref_src=twsrc%5Etfw\" rel=\"nofollow noopener\" target=\"_blank\">February 16, 2026<\/a><\/p>\n<\/blockquote>\n<p>          <script async src=\"https:\/\/platform.twitter.com\/widgets.js\" charset=\"utf-8\"><\/script><\/p>\n","protected":false},"excerpt":{"rendered":"&#13; 36-kordne Hollandi meister Amsterdami Ajax teatas, et nende jaanuarikuine t\u00e4iendus Oleksandr Zint\u0161enko sel hooajal enam murule ei&hellip;\n","protected":false},"author":2,"featured_media":109507,"comment_status":"","ping_status":"","sticky":false,"template":"","format":"standard","meta":{"footnotes":"","_share_on_mastodon":"0"},"categories":[18],"tags":[13765,18755,37,33,35,34,36,47958,159,158,47959],"class_list":["post-109506","post","type-post","status-publish","format-standard","has-post-thumbnail","category-sport","tag-ajax","tag-amsterdami-ajax","tag-ee","tag-eesti","tag-eesti-keel","tag-estonia","tag-estonian","tag-oleksandr-zintsenko","tag-sport","tag-sports","tag-zintsenko"],"share_on_mastodon":{"url":"https:\/\/pubeurope.com\/@ee\/116082034988440237","error":""},"_links":{"self":[{"href":"https:\/\/www.europesays.com\/ee\/wp-json\/wp\/v2\/posts\/109506","targetHints":{"allow":["GET"]}}],"collection":[{"href":"https:\/\/www.europesays.com\/ee\/wp-json\/wp\/v2\/posts"}],"about":[{"href":"https:\/\/www.europesays.com\/ee\/wp-json\/wp\/v2\/types\/post"}],"author":[{"embeddable":true,"href":"https:\/\/www.europesays.com\/ee\/wp-json\/wp\/v2\/users\/2"}],"replies":[{"embeddable":true,"href":"https:\/\/www.europesays.com\/ee\/wp-json\/wp\/v2\/comments?post=109506"}],"version-history":[{"count":0,"href":"https:\/\/www.europesays.com\/ee\/wp-json\/wp\/v2\/posts\/109506\/revisions"}],"wp:featuredmedia":[{"embeddable":true,"href":"https:\/\/www.europesays.com\/ee\/wp-json\/wp\/v2\/media\/109507"}],"wp:attachment":[{"href":"https:\/\/www.europesays.com\/ee\/wp-json\/wp\/v2\/media?parent=109506"}],"wp:term":[{"taxonomy":"category","embeddable":true,"href":"https:\/\/www.europesays.com\/ee\/wp-json\/wp\/v2\/categories?post=109506"},{"taxonomy":"post_tag","embeddable":true,"href":"https:\/\/www.europesays.com\/ee\/wp-json\/wp\/v2\/tags?post=109506"}],"curies":[{"name":"wp","href":"https:\/\/api.w.org\/{rel}","templated":true}]}}