{"id":109582,"date":"2026-02-16T21:39:07","date_gmt":"2026-02-16T21:39:07","guid":{"rendered":"https:\/\/www.europesays.com\/ee\/109582\/"},"modified":"2026-02-16T21:39:07","modified_gmt":"2026-02-16T21:39:07","slug":"meelis-oidsalu-%e2%9f%a9-valisluureamet-andis-sel-aastal-valja-kaks-aastaraamatut","status":"publish","type":"post","link":"https:\/\/www.europesays.com\/ee\/109582\/","title":{"rendered":"MEELIS OIDSALU \u27e9 V\u00e4lisluureamet andis sel aastal v\u00e4lja kaks aastaraamatut"},"content":{"rendered":"<p>V\u00e4lisluureameti t\u00e4navuse avaliku ohuraporti keskne j\u00e4reldus on ebamugav \u2013 Venemaa suudab Ukraina s\u00f5ja k\u00f5rvalt kasvatada varusid ja tootmist, mis ei klapi narratiiviga, et Putin kulutab end Ukrainas \u00e4ra. Kuu aega enne aastaraamatu v\u00e4ljaandmist ilmus aga \u00fcks teine \u00abaastaraamat\u00bb, p\u00f5hjalik intervjuu endise VLA anal\u00fc\u00fcsi\u00fclemaga ohupildi kohta, kirjutab toimetaja Meelis Oidsalu.<\/p>\n","protected":false},"excerpt":{"rendered":"V\u00e4lisluureameti t\u00e4navuse avaliku ohuraporti keskne j\u00e4reldus on ebamugav \u2013 Venemaa suudab Ukraina s\u00f5ja k\u00f5rvalt kasvatada varusid ja tootmist,&hellip;\n","protected":false},"author":2,"featured_media":109472,"comment_status":"","ping_status":"","sticky":false,"template":"","format":"standard","meta":{"footnotes":"","_share_on_mastodon":"0"},"categories":[12],"tags":[26,27,37,33,35,34,36,31,32,21,50194,28,29,19,52034,52033,25,52031,23,24,22,20,8818,52032,30],"class_list":["post-109582","post","type-post","status-publish","format-standard","has-post-thumbnail","category-eesti","tag-breaking-news","tag-breakingnews","tag-ee","tag-eesti","tag-eesti-keel","tag-estonia","tag-estonian","tag-featured-news","tag-featurednews","tag-headlines","tag-kaupo-rosin","tag-latest-news","tag-latestnews","tag-news","tag-ohuhinnang","tag-ohuraport","tag-populaarseimad-lood","tag-strateegiline-kommunikatsioon","tag-top-stories","tag-topstories","tag-uldised-uudised","tag-uudised","tag-valisluureamet","tag-valisluureameti-aastaraamat","tag-viimased-uudised"],"share_on_mastodon":{"url":"https:\/\/pubeurope.com\/@ee\/116082479105020853","error":""},"_links":{"self":[{"href":"https:\/\/www.europesays.com\/ee\/wp-json\/wp\/v2\/posts\/109582","targetHints":{"allow":["GET"]}}],"collection":[{"href":"https:\/\/www.europesays.com\/ee\/wp-json\/wp\/v2\/posts"}],"about":[{"href":"https:\/\/www.europesays.com\/ee\/wp-json\/wp\/v2\/types\/post"}],"author":[{"embeddable":true,"href":"https:\/\/www.europesays.com\/ee\/wp-json\/wp\/v2\/users\/2"}],"replies":[{"embeddable":true,"href":"https:\/\/www.europesays.com\/ee\/wp-json\/wp\/v2\/comments?post=109582"}],"version-history":[{"count":0,"href":"https:\/\/www.europesays.com\/ee\/wp-json\/wp\/v2\/posts\/109582\/revisions"}],"wp:featuredmedia":[{"embeddable":true,"href":"https:\/\/www.europesays.com\/ee\/wp-json\/wp\/v2\/media\/109472"}],"wp:attachment":[{"href":"https:\/\/www.europesays.com\/ee\/wp-json\/wp\/v2\/media?parent=109582"}],"wp:term":[{"taxonomy":"category","embeddable":true,"href":"https:\/\/www.europesays.com\/ee\/wp-json\/wp\/v2\/categories?post=109582"},{"taxonomy":"post_tag","embeddable":true,"href":"https:\/\/www.europesays.com\/ee\/wp-json\/wp\/v2\/tags?post=109582"}],"curies":[{"name":"wp","href":"https:\/\/api.w.org\/{rel}","templated":true}]}}