{"id":109623,"date":"2026-02-16T22:31:07","date_gmt":"2026-02-16T22:31:07","guid":{"rendered":"https:\/\/www.europesays.com\/ee\/109623\/"},"modified":"2026-02-16T22:31:07","modified_gmt":"2026-02-16T22:31:07","slug":"lopuminutite-punane-puntratants-ja-naabrist-parem-madalseisus-barcelona-tougati-troonilt-soccernet-ee","status":"publish","type":"post","link":"https:\/\/www.europesays.com\/ee\/109623\/","title":{"rendered":"L\u00f5puminutite punane, puntratants ja naabrist parem: madalseisus Barcelona t\u00f5ugati troonilt! &#8211; Soccernet.ee"},"content":{"rendered":"<p><img decoding=\"async\" src=\"https:\/\/www.europesays.com\/ee\/wp-content\/uploads\/2026\/02\/1771277434.jpg\" alt=\"Girona t\u00f5ukas Barcelona troonilt. Foto: Scanpix \/ Josep Lago \/ AFP\"\/>&#13;\n<\/p>\n<p>Valitsev Hispaania meister kukutati La Ligas troonilt, kui Barcelona kaotas naaberklubi Girona vastu v\u00f5\u00f5rsil 1:2.<\/p>\n<p>Hispaania k\u00f5rgliiga 24. voorus toimus Kataloonia vastasseis, kus tabeli teise poolde kuuluv Girona v\u00f5ttis magusa v\u00f5idu. Kohtumise avapoolajast j\u00e4\u00e4b Barcelonat saatma \u00fcleminutite penaltieksimus, kui t\u00e4hepoiss Lamine Yamal k\u00f5mmutas palli 11 meetrilt posti.&#13;\n<\/p>\n<blockquote class=\"twitter-tweet\"><p>&#13;<\/p>\n<p lang=\"en\" dir=\"ltr\">3 &#8211; No other team has missed more penalties than Barcelona in LaLiga this season (3\/7, level with Valencia 3\/5). Opportunity. <a href=\"https:\/\/t.co\/x89VweVWfo\" rel=\"nofollow\">pic.twitter.com\/x89VweVWfo<\/a>&#13;<br \/>\n\u2014 OptaJose (@OptaJose) <a href=\"https:\/\/twitter.com\/OptaJose\/status\/2023502977789800785?ref_src=twsrc%5Etfw\" rel=\"nofollow noopener\" target=\"_blank\">February 16, 2026<\/a><\/p>\n<\/blockquote>\n<p>Teisel kolmveerandtunnil \u00f5nnestus Barcelonal juhtima minna, kui Pau Cubarsi koksas 59. minutil sisse Jules Kounde tsenderduse. Kolm minutit hiljem oli seis taaskord viigis, sest Thomas Lemari l\u00e4hil\u00f6\u00f6k l\u00f5petas Joan Garcia seljataga. Mida aeg edasi, seda rohkem kruvis Girona pinget. 87. minutil veeretas Joel Rocalt s\u00f6\u00f6du saanud Fran Beltran palli karistusala joonelt vasakusse alla nurka ning t\u00f5ttas seej\u00e4rel nurgalipu juurde kaaslastega t\u00e4histama.&#13;\n<\/p>\n<p>Kohtumise l\u00f5ppfaasis kaitsesid v\u00f5\u00f5rustajad vaid tagalat. \u00dche korra l\u00f5petas pall Girona v\u00f5rgus, aga k\u00fcljekohtunik fikseeris Robert Lewandowskile suluseisu. Lisaks j\u00e4i kodumeeskond l\u00f5puks k\u00fcmnekesi, sest Roca sai Lamine Yamali vastu tehtud ohtliku vea t\u00f5ttu punase kaardi ja seej\u00e4rel algas v\u00e4ikest sorti puntratants, mis kiiresti laiali saadeti. Vaatamata k\u00f5igele \u00f5nnestus Gironal Barcelonat \u00fcle kahe aasta v\u00f5ita.<\/p>\n<p>M\u00f5ned p\u00e4evad tagasi karikav\u00f5istluste poolfinaalis Atletico Madridilt 0:4 sauna saanud Barcelona on ka koduliigas parajas plindris, sest n\u00fc\u00fcd ollakse kahepunktilise mahaj\u00e4\u00e4musega Real Madridi taga. Hooaja seitsmenda v\u00f5idu saanud Girona leiab end seevastu 12. kohalt.&#13;\n<\/p>\n<p>          <script async src=\"https:\/\/platform.twitter.com\/widgets.js\" charset=\"utf-8\"><\/script><\/p>\n","protected":false},"excerpt":{"rendered":"&#13; Valitsev Hispaania meister kukutati La Ligas troonilt, kui Barcelona kaotas naaberklubi Girona vastu v\u00f5\u00f5rsil 1:2. Hispaania k\u00f5rgliiga&hellip;\n","protected":false},"author":2,"featured_media":109624,"comment_status":"","ping_status":"","sticky":false,"template":"","format":"standard","meta":{"footnotes":"","_share_on_mastodon":"0"},"categories":[18],"tags":[1741,37,33,35,34,36,605,110,606,2458,159,158],"class_list":["post-109623","post","type-post","status-publish","format-standard","has-post-thumbnail","category-sport","tag-barcelona","tag-ee","tag-eesti","tag-eesti-keel","tag-estonia","tag-estonian","tag-girona","tag-hispaania","tag-la-liga","tag-lamine-yamal","tag-sport","tag-sports"],"share_on_mastodon":{"url":"https:\/\/pubeurope.com\/@ee\/116082683740075309","error":""},"_links":{"self":[{"href":"https:\/\/www.europesays.com\/ee\/wp-json\/wp\/v2\/posts\/109623","targetHints":{"allow":["GET"]}}],"collection":[{"href":"https:\/\/www.europesays.com\/ee\/wp-json\/wp\/v2\/posts"}],"about":[{"href":"https:\/\/www.europesays.com\/ee\/wp-json\/wp\/v2\/types\/post"}],"author":[{"embeddable":true,"href":"https:\/\/www.europesays.com\/ee\/wp-json\/wp\/v2\/users\/2"}],"replies":[{"embeddable":true,"href":"https:\/\/www.europesays.com\/ee\/wp-json\/wp\/v2\/comments?post=109623"}],"version-history":[{"count":0,"href":"https:\/\/www.europesays.com\/ee\/wp-json\/wp\/v2\/posts\/109623\/revisions"}],"wp:featuredmedia":[{"embeddable":true,"href":"https:\/\/www.europesays.com\/ee\/wp-json\/wp\/v2\/media\/109624"}],"wp:attachment":[{"href":"https:\/\/www.europesays.com\/ee\/wp-json\/wp\/v2\/media?parent=109623"}],"wp:term":[{"taxonomy":"category","embeddable":true,"href":"https:\/\/www.europesays.com\/ee\/wp-json\/wp\/v2\/categories?post=109623"},{"taxonomy":"post_tag","embeddable":true,"href":"https:\/\/www.europesays.com\/ee\/wp-json\/wp\/v2\/tags?post=109623"}],"curies":[{"name":"wp","href":"https:\/\/api.w.org\/{rel}","templated":true}]}}