{"id":109663,"date":"2026-02-16T23:36:07","date_gmt":"2026-02-16T23:36:07","guid":{"rendered":"https:\/\/www.europesays.com\/ee\/109663\/"},"modified":"2026-02-16T23:36:07","modified_gmt":"2026-02-16T23:36:07","slug":"lia-laats-100-vaikiva-ajastu-sonakas-sodalane","status":"publish","type":"post","link":"https:\/\/www.europesays.com\/ee\/109663\/","title":{"rendered":"Lia Laats 100: vaikiva ajastu s\u00f5nakas s\u00f5dalane"},"content":{"rendered":"<p>\u00d6eldakse \u00abkohviveski\u00bb \u2013 ja juba k\u00e4ib seltskonnas v\u00e4ike elektris\u00e4hvatus: Muhu, suvi, \u00fclbe linnaproua, see h\u00e4\u00e4l, mis suudab sama lausega solvata, k\u00e4skida, hellitada ja t\u00f5mmata k\u00f5igele vee peale\u2026 ning siis, t\u00e4iesti ootamatult, tuua esile mingi inimlik dimensioon, mis ei t\u00fchista koomikat, vaid s\u00fcvendab seda. Kuuldes Lia Laatsi nime, naerab meis miski tahtmatult ja \u00f5nnelikult, ehkki naljad ise v\u00f5ivad tunduda iganenud. N\u00f5ukogude aja rahvaste vanglas oli naer see v\u00f5ti, mis andis inimestele korraks vabaduse, ning seet\u00f5ttu m\u00e4letame ja armastame me ka oma aja \u00e4ra elanud nalju. Me seostame neid n\u00e4itlejatega, kes meid esimest korda naerma panid.<\/p>\n<p>Oma igap\u00e4evaelus meenutan ma Lia Laatsi ilmselt tihedamini kui nii m\u00f5ndagi teist n\u00e4itlejat, kellega mul on \u00f5nn olnud kasv\u00f5i p\u00f5gusalt lavalaudu jagada \u2013 ja seda t\u00e4nu \u00fchele anekdoodile, mille proua Laats r\u00e4\u00e4kis. Mina olin siis vaevu 20-aastane nolk ja osalesin koos paljude juba eluajal legendiks muutunud n\u00e4itlejatega estraadikavas, mis oli m\u00e4\u00e4ratud j\u00e4\u00e4ma Lia Laatsi viimaseks avalikuks etteasteks.<\/p>\n","protected":false},"excerpt":{"rendered":"\u00d6eldakse \u00abkohviveski\u00bb \u2013 ja juba k\u00e4ib seltskonnas v\u00e4ike elektris\u00e4hvatus: Muhu, suvi, \u00fclbe linnaproua, see h\u00e4\u00e4l, mis suudab sama&hellip;\n","protected":false},"author":2,"featured_media":109664,"comment_status":"","ping_status":"","sticky":false,"template":"","format":"standard","meta":{"footnotes":"","_share_on_mastodon":"0"},"categories":[16],"tags":[37,33,35,173,34,36,52101,52100,140,989,177],"class_list":["post-109663","post","type-post","status-publish","format-standard","has-post-thumbnail","category-meelelahutus","tag-ee","tag-eesti","tag-eesti-keel","tag-entertainment","tag-estonia","tag-estonian","tag-estraad","tag-lia-laats","tag-meelelahutus","tag-naitleja","tag-teater"],"share_on_mastodon":{"url":"https:\/\/pubeurope.com\/@ee\/116082939235472102","error":""},"_links":{"self":[{"href":"https:\/\/www.europesays.com\/ee\/wp-json\/wp\/v2\/posts\/109663","targetHints":{"allow":["GET"]}}],"collection":[{"href":"https:\/\/www.europesays.com\/ee\/wp-json\/wp\/v2\/posts"}],"about":[{"href":"https:\/\/www.europesays.com\/ee\/wp-json\/wp\/v2\/types\/post"}],"author":[{"embeddable":true,"href":"https:\/\/www.europesays.com\/ee\/wp-json\/wp\/v2\/users\/2"}],"replies":[{"embeddable":true,"href":"https:\/\/www.europesays.com\/ee\/wp-json\/wp\/v2\/comments?post=109663"}],"version-history":[{"count":0,"href":"https:\/\/www.europesays.com\/ee\/wp-json\/wp\/v2\/posts\/109663\/revisions"}],"wp:featuredmedia":[{"embeddable":true,"href":"https:\/\/www.europesays.com\/ee\/wp-json\/wp\/v2\/media\/109664"}],"wp:attachment":[{"href":"https:\/\/www.europesays.com\/ee\/wp-json\/wp\/v2\/media?parent=109663"}],"wp:term":[{"taxonomy":"category","embeddable":true,"href":"https:\/\/www.europesays.com\/ee\/wp-json\/wp\/v2\/categories?post=109663"},{"taxonomy":"post_tag","embeddable":true,"href":"https:\/\/www.europesays.com\/ee\/wp-json\/wp\/v2\/tags?post=109663"}],"curies":[{"name":"wp","href":"https:\/\/api.w.org\/{rel}","templated":true}]}}