{"id":109734,"date":"2026-02-17T06:26:08","date_gmt":"2026-02-17T06:26:08","guid":{"rendered":"https:\/\/www.europesays.com\/ee\/109734\/"},"modified":"2026-02-17T06:26:08","modified_gmt":"2026-02-17T06:26:08","slug":"saksamaa-on-raskustes-leetu-saadetavasse-brigaadi-sodurite-leidmisega-valismaa","status":"publish","type":"post","link":"https:\/\/www.europesays.com\/ee\/109734\/","title":{"rendered":"Saksamaa on raskustes Leetu saadetavasse brigaadi s\u00f5durite leidmisega | V\u00e4lismaa"},"content":{"rendered":"<p>Saksamaa on raskustes vabatahtlike leidmisega Bundeswehri 45. soomusbrigaadi, mis peaks hakkama NATO ettenihutatud v\u00e4gede koosseisus paiknema Leedus, kirjutas Saksa meedia.<\/p>\n<p>Brigaad peaks olema valmis Leedus tegutsema 2027. aastaks ning koosnema umbes 4800 s\u00f5jav\u00e4elasest ja 200 tsiviilt\u00f6\u00f6tajast. Saksamaa plaanis formeerimise esimeses etapis Leetu paigutada 1971 s\u00f5durit, kuid vabatahtlikult registreerus vaid 209 ehk pisut \u00fcle k\u00fcmne protsendi vajalikust arvust,<a href=\"https:\/\/www.rnd.de\/politik\/litauen-brigade-cdu-verteidigungsexperte-will-soldaten-notfalls-verpflichten-JBRLEOAALBAAZCKCQDROANUQGA.html\" target=\"_blank\" rel=\"noopener nofollow\"> kirjutas Saksa v\u00e4ljaanne RND<\/a>, mida vahendas Ukraina kanal RBK-Ukraina.<\/p>\n<p>RND m\u00e4rgib, et selline eba\u00f5nnestumine seab kahtluse alla brigaadi v\u00f5ime etten\u00e4htud aja jooksul oma \u00fclesandeid t\u00e4itma asuda.<\/p>\n<p>Seet\u00f5ttu tegi Saksa parlamendi kaitsekomisjoni esimees Thomas R\u00f6wekamp (CDU) ettepaneku, et Leedusse saadetaks vajadusel s\u00f5jav\u00e4elased kohustuslikus korras.<\/p>\n<p>&#8220;Bundeswehr tugineb vabatahtlikele ja see on endiselt \u00f5ige p\u00f5him\u00f5te,&#8221; r\u00e4\u00e4kis ta RedaktionsNetzwerk Deutschlandile (RND), kuid lisas: &#8220;Aga kui sellest ei piisa sellise julgeolekupoliitilise missiooni jaoks nagu brigaad Leedus, siis tuleb teenistus seal kohustuslikuks muuta.&#8221;<\/p>\n<p>R\u00f6wekamp r\u00f5hutas: &#8220;Need, kes valivad s\u00f5jav\u00e4elise karj\u00e4\u00e4ri, v\u00f5tavad vastutuse rahu, vabaduse ja meie liitlaste kaitsmise eest. See vastutus ei l\u00f5pe riigipiiril \u2013 see h\u00f5lmab ka teenistust seal, kus heidutus tagab rahu, nagu Leedus.&#8221;<\/p>\n<p>RND vahendas ka uudisteajakirja Der Spiegel artiklit, milles m\u00e4rgiti Saksa kaitseministeeriumi konfidentsiaalsele dokumendile viidates, et NATO idatiival on valmis teenistusse astuma liiga v\u00e4he vabatahtlikke, eriti s\u00f5durite seas, ning esitati selle v\u00e4ite toetuseks ka m\u00f5ned arvud. N\u00e4iteks P\u00f5hja-Rein-Vestfaalis paiknev 203. tankipataljon, mis peaks Augustdorfist Leetu l\u00e4hetama 414 s\u00f5durit, oli leidnud ainult 197 vabatahtlikku, ehk alla poole vajalikust arvust. Ajakiri teatas ka, et 122. tankigrenadieripataljonilt oodatakse 640 s\u00f5jav\u00e4elase saatmist Leetu, kuid sinna oli saadud vaid 181 avaldust.<\/p>\n<p>Saksa kaitseministeeriumi pressiesindaja teatas hiljem siiski, et brigaadi loomine on graafikus ja et nad eeldavad, et suudavad personalivajadused vabatahtlikega t\u00e4ita \u2013 eitamata siiski mainitud konkreetseid numbreid. Ministeeriumi esindaja \u00fctles Der Spiegelile, et need arvud on eelmise aasta l\u00f5pu vahearuanne \u2013 ja seega mitte valed.<\/p>\n<p>Siiski pole v\u00e4listatud, et kaitseministeerium saadab vajadusel oma s\u00f5jav\u00e4elased Leetu kohustuslikus korras. Praegu paikneb Leedus umbes 1700\u20131800 Saksa relvaj\u00f5udude liiget; see arv peaks aasta l\u00f5puks ulatuma 2000-ni.<\/p>\n<p>Der Spiegeli andmetel kaalub kaitseministeerium l\u00e4hetuse atraktiivsuse suurendamiseks n\u00fc\u00fcd Leedus minimaalse l\u00e4hetusaja l\u00fchendamist kahelt aastalt \u00fchele.<\/p>\n<p>Saksa kaitseminister Boris Pistorius (SPD) lubas 2023. aasta juunis Vilniuses visiidil viibides, et Leetu paigutatakse alaliselt Saksa relvaj\u00f5udude brigaad, mis koosneb umbes 5000 s\u00f5jav\u00e4elasest. See pidi toimuma vabatahtlikkuse alusel. 2025. aasta kevadel osales ta koos kantsler Friedrich Merziga 45. soomusbrigaadi teenistusse astumise tseremoonial.<\/p>\n<p>Saksamaa s\u00f5jalisele kohalolekule Leedus pannakse n\u00fc\u00fcd suuri ootusi, seda isegi NATO-siseselt, mis j\u00e4tab Pistoriusele v\u00e4he ruumi taganemiseks, m\u00e4rkis RND.<\/p>\n<p>Samas peetakse Balti riike NATO osaks, kus vastasseis Venemaaga on k\u00f5ige t\u00f5en\u00e4olisem m\u00f5ne aasta jooksul. Kui Venemaal \u00f5nnestuks sulgeda Suwalki koridor, mis \u00fchendab Leedut Poolaga, l\u00f5igataks Balti riikide maismaa \u00fchendus \u00fclej\u00e4\u00e4nud NATO-st \u00e4ra. See kujutab endast ohtu ka Leetu paigutatud Saksa s\u00f5duritele, selgitas RND.<\/p>\n<p>P\u00fcsiva v\u00e4e\u00fcksuse paigutamine v\u00e4lismaale on Teise maailmas\u00f5ja j\u00e4rgse Saksamaa relvaj\u00f5ududele esmakordne. Seni saadeti oma s\u00f5dureid enne kodubaasidesse naasmist v\u00e4lismaale ainult m\u00f5neks kuuks \u2013 n\u00e4iteks Afganistani v\u00f5i Malisse. Isegi Pistoriusele l\u00e4hedased pidasid pikka aega ebat\u00f5en\u00e4oliseks, et ta valiks Leedu jaoks teistsuguse mudeli, m\u00e4rkis RND.<\/p>\n<p>Saksamaa on NATO ettenihutatud v\u00e4gede koosseisus Leedus paikneva lahingugrupi raamriik, nagu Eestis on \u00dchendkuningriik ja L\u00e4tis Kanada.<\/p>\n<p>Saksa meedia toob v\u00e4lja ka Leedu presidendi Gitanas Nauseda s\u00f5nad, kes \u00fctles, et on teema korduvalt t\u00f5statanud kantsler Merziga (CDU) ja \u00f6elnud: &#8220;Mulle kinnitati, et Saksamaa kohustused j\u00e4\u00e4vad samaks ja et neid v\u00f5etakse v\u00e4ga t\u00f5siselt.&#8221;<\/p>\n<p>Leedu on lubanud pakkuda riiki asuvatele Saksa s\u00f5duritele piisavat majutust, nende elukaaslastele t\u00f6\u00f6kohti ning lastele lasteaedu ja koole.<\/p>\n","protected":false},"excerpt":{"rendered":"Saksamaa on raskustes vabatahtlike leidmisega Bundeswehri 45. soomusbrigaadi, mis peaks hakkama NATO ettenihutatud v\u00e4gede koosseisus paiknema Leedus, kirjutas&hellip;\n","protected":false},"author":2,"featured_media":109735,"comment_status":"","ping_status":"","sticky":false,"template":"","format":"standard","meta":{"footnotes":"","_share_on_mastodon":"0"},"categories":[80],"tags":[26,27,7824,37,33,35,34,36,25081,31,32,21,28,29,95,54,19,25,52116,23,24,22,20,1933,30,92,93,94],"class_list":["post-109734","post","type-post","status-publish","format-standard","has-post-thumbnail","category-maailm","tag-breaking-news","tag-breakingnews","tag-bundeswehr","tag-ee","tag-eesti","tag-eesti-keel","tag-estonia","tag-estonian","tag-euroopa-julgeolek","tag-featured-news","tag-featurednews","tag-headlines","tag-latest-news","tag-latestnews","tag-maailm","tag-nato","tag-news","tag-populaarseimad-lood","tag-saksa-brigaad-leedus","tag-top-stories","tag-topstories","tag-uldised-uudised","tag-uudised","tag-vene-oht","tag-viimased-uudised","tag-world","tag-world-news","tag-worldnews"],"share_on_mastodon":{"url":"https:\/\/pubeurope.com\/@ee\/116084551595834448","error":""},"_links":{"self":[{"href":"https:\/\/www.europesays.com\/ee\/wp-json\/wp\/v2\/posts\/109734","targetHints":{"allow":["GET"]}}],"collection":[{"href":"https:\/\/www.europesays.com\/ee\/wp-json\/wp\/v2\/posts"}],"about":[{"href":"https:\/\/www.europesays.com\/ee\/wp-json\/wp\/v2\/types\/post"}],"author":[{"embeddable":true,"href":"https:\/\/www.europesays.com\/ee\/wp-json\/wp\/v2\/users\/2"}],"replies":[{"embeddable":true,"href":"https:\/\/www.europesays.com\/ee\/wp-json\/wp\/v2\/comments?post=109734"}],"version-history":[{"count":0,"href":"https:\/\/www.europesays.com\/ee\/wp-json\/wp\/v2\/posts\/109734\/revisions"}],"wp:featuredmedia":[{"embeddable":true,"href":"https:\/\/www.europesays.com\/ee\/wp-json\/wp\/v2\/media\/109735"}],"wp:attachment":[{"href":"https:\/\/www.europesays.com\/ee\/wp-json\/wp\/v2\/media?parent=109734"}],"wp:term":[{"taxonomy":"category","embeddable":true,"href":"https:\/\/www.europesays.com\/ee\/wp-json\/wp\/v2\/categories?post=109734"},{"taxonomy":"post_tag","embeddable":true,"href":"https:\/\/www.europesays.com\/ee\/wp-json\/wp\/v2\/tags?post=109734"}],"curies":[{"name":"wp","href":"https:\/\/api.w.org\/{rel}","templated":true}]}}