{"id":109897,"date":"2026-02-17T09:51:11","date_gmt":"2026-02-17T09:51:11","guid":{"rendered":"https:\/\/www.europesays.com\/ee\/109897\/"},"modified":"2026-02-17T09:51:11","modified_gmt":"2026-02-17T09:51:11","slug":"talo-tahab-kultuuritootajate-miinimumpalga-tostmist-2065-euroni-eesti","status":"publish","type":"post","link":"https:\/\/www.europesays.com\/ee\/109897\/","title":{"rendered":"TALO tahab kultuurit\u00f6\u00f6tajate miinimumpalga t\u00f5stmist 2065 euroni | Eesti"},"content":{"rendered":"<p>Teenistujate ametiliitude keskorganisatsioon (TALO) ja kultuuriministeerium peavad teisip\u00e4eval palgal\u00e4bir\u00e4\u00e4kimisi. TALO hinnangul peaks k\u00f5rgharidusega kultuurit\u00f6\u00f6tajate miinimumpalk t\u00f5usma praegu kehtivalt 1720 eurolt 2065 euroni.<\/p>\n<p>Talo juhatuse liige Maris Rosenthali s\u00f5nul j\u00e4tkuvad k\u00f5nelused sealt, kus need eelmisel aastal pooleli j\u00e4id.<\/p>\n<p>&#8220;Eelmine aasta otsustati selle aasta eelarvest t\u00f5sta kultuurit\u00f6\u00f6taja miinimumtasu kultuurit\u00f6\u00f6tajatele, treeneritele ja kollektiivijuhtidele ning ka palgafondi t\u00f5usuks jagada raha. See on n\u00fc\u00fcd meie algpunkt, kust me j\u00e4tkame,&#8221; \u00fctles Rosenthal.<\/p>\n<p>TALO tahab 20-protsendist palgat\u00f5usu ning ka t\u00f6\u00f6tasufondi suurendamist.<\/p>\n<p>&#8220;V\u00f5tame keskmise palga endale eesm\u00e4rgiks ja l\u00e4hme n\u00fc\u00fcd l\u00e4bi r\u00e4\u00e4kima t\u00f6\u00f6tajate t\u00f6\u00f6tasu alamm\u00e4\u00e4ra t\u00f5stmist praegu kehtivalt 1720 eurolt 2021 euroni ning loomulikult ka t\u00f6\u00f6tasufondi \u00fcle\u00fcldist suurendamist, et juhtidel oleks v\u00f5imalus motiveerida ka oma teisi spetsialiste,&#8221; r\u00e4\u00e4kis Rosenthal.<\/p>\n","protected":false},"excerpt":{"rendered":"Teenistujate ametiliitude keskorganisatsioon (TALO) ja kultuuriministeerium peavad teisip\u00e4eval palgal\u00e4bir\u00e4\u00e4kimisi. TALO hinnangul peaks k\u00f5rgharidusega kultuurit\u00f6\u00f6tajate miinimumpalk t\u00f5usma praegu kehtivalt&hellip;\n","protected":false},"author":2,"featured_media":109898,"comment_status":"","ping_status":"","sticky":false,"template":"","format":"standard","meta":{"footnotes":"","_share_on_mastodon":"0"},"categories":[12],"tags":[26,27,37,33,35,34,36,31,32,21,2545,52169,28,29,19,1323,25,52168,23,24,22,20,30],"class_list":["post-109897","post","type-post","status-publish","format-standard","has-post-thumbnail","category-eesti","tag-breaking-news","tag-breakingnews","tag-ee","tag-eesti","tag-eesti-keel","tag-estonia","tag-estonian","tag-featured-news","tag-featurednews","tag-headlines","tag-kultuuriministeerium","tag-kultuuritootaja","tag-latest-news","tag-latestnews","tag-news","tag-palk","tag-populaarseimad-lood","tag-talo","tag-top-stories","tag-topstories","tag-uldised-uudised","tag-uudised","tag-viimased-uudised"],"share_on_mastodon":{"url":"https:\/\/pubeurope.com\/@ee\/116085357536603837","error":""},"_links":{"self":[{"href":"https:\/\/www.europesays.com\/ee\/wp-json\/wp\/v2\/posts\/109897","targetHints":{"allow":["GET"]}}],"collection":[{"href":"https:\/\/www.europesays.com\/ee\/wp-json\/wp\/v2\/posts"}],"about":[{"href":"https:\/\/www.europesays.com\/ee\/wp-json\/wp\/v2\/types\/post"}],"author":[{"embeddable":true,"href":"https:\/\/www.europesays.com\/ee\/wp-json\/wp\/v2\/users\/2"}],"replies":[{"embeddable":true,"href":"https:\/\/www.europesays.com\/ee\/wp-json\/wp\/v2\/comments?post=109897"}],"version-history":[{"count":0,"href":"https:\/\/www.europesays.com\/ee\/wp-json\/wp\/v2\/posts\/109897\/revisions"}],"wp:featuredmedia":[{"embeddable":true,"href":"https:\/\/www.europesays.com\/ee\/wp-json\/wp\/v2\/media\/109898"}],"wp:attachment":[{"href":"https:\/\/www.europesays.com\/ee\/wp-json\/wp\/v2\/media?parent=109897"}],"wp:term":[{"taxonomy":"category","embeddable":true,"href":"https:\/\/www.europesays.com\/ee\/wp-json\/wp\/v2\/categories?post=109897"},{"taxonomy":"post_tag","embeddable":true,"href":"https:\/\/www.europesays.com\/ee\/wp-json\/wp\/v2\/tags?post=109897"}],"curies":[{"name":"wp","href":"https:\/\/api.w.org\/{rel}","templated":true}]}}