{"id":109917,"date":"2026-02-17T10:13:10","date_gmt":"2026-02-17T10:13:10","guid":{"rendered":"https:\/\/www.europesays.com\/ee\/109917\/"},"modified":"2026-02-17T10:13:10","modified_gmt":"2026-02-17T10:13:10","slug":"barcelona-lahedal-hukkus-kortermaja-tulekahjus-viis-noort-inimest","status":"publish","type":"post","link":"https:\/\/www.europesays.com\/ee\/109917\/","title":{"rendered":"Barcelona l\u00e4hedal hukkus kortermaja tulekahjus viis noort inimest"},"content":{"rendered":"<p>Barcelona l\u00e4hedal asuvas kortermajas puhkenud tulekahjus hukkus viis ja sai vigastada neli inimest, teatas Kirde-Hispaanias asuva Kataloonia piirkonna tulet\u00f5rjeamet teisip\u00e4eva hommikul; meedia teatel oli tegu noortega.<\/p>\n<p>Tulekahju puhkes esmasp\u00e4eva \u00f5htul Barcelonast umbes 80 kilomeetrit p\u00f5hja pool asuvas Manlleu linnas viiekorruselise hoone panipaigas, teatas amet avalduses.<\/p>\n","protected":false},"excerpt":{"rendered":"Barcelona l\u00e4hedal asuvas kortermajas puhkenud tulekahjus hukkus viis ja sai vigastada neli inimest, teatas Kirde-Hispaanias asuva Kataloonia piirkonna&hellip;\n","protected":false},"author":2,"featured_media":109918,"comment_status":"","ping_status":"","sticky":false,"template":"","format":"standard","meta":{"footnotes":"","_share_on_mastodon":"0"},"categories":[12],"tags":[52188,26,27,37,33,35,34,36,31,32,21,8547,28,29,52187,19,353,25,23,24,358,37517,22,20,3242,30],"class_list":["post-109917","post","type-post","status-publish","format-standard","has-post-thumbnail","category-eesti","tag-barcelonas","tag-breaking-news","tag-breakingnews","tag-ee","tag-eesti","tag-eesti-keel","tag-estonia","tag-estonian","tag-featured-news","tag-featurednews","tag-headlines","tag-inimene","tag-latest-news","tag-latestnews","tag-manlleu","tag-news","tag-politsei","tag-populaarseimad-lood","tag-top-stories","tag-topstories","tag-tulekahju","tag-tuletorjuja","tag-uldised-uudised","tag-uudised","tag-vigastus","tag-viimased-uudised"],"share_on_mastodon":{"url":"https:\/\/pubeurope.com\/@ee\/116085444051034487","error":""},"_links":{"self":[{"href":"https:\/\/www.europesays.com\/ee\/wp-json\/wp\/v2\/posts\/109917","targetHints":{"allow":["GET"]}}],"collection":[{"href":"https:\/\/www.europesays.com\/ee\/wp-json\/wp\/v2\/posts"}],"about":[{"href":"https:\/\/www.europesays.com\/ee\/wp-json\/wp\/v2\/types\/post"}],"author":[{"embeddable":true,"href":"https:\/\/www.europesays.com\/ee\/wp-json\/wp\/v2\/users\/2"}],"replies":[{"embeddable":true,"href":"https:\/\/www.europesays.com\/ee\/wp-json\/wp\/v2\/comments?post=109917"}],"version-history":[{"count":0,"href":"https:\/\/www.europesays.com\/ee\/wp-json\/wp\/v2\/posts\/109917\/revisions"}],"wp:featuredmedia":[{"embeddable":true,"href":"https:\/\/www.europesays.com\/ee\/wp-json\/wp\/v2\/media\/109918"}],"wp:attachment":[{"href":"https:\/\/www.europesays.com\/ee\/wp-json\/wp\/v2\/media?parent=109917"}],"wp:term":[{"taxonomy":"category","embeddable":true,"href":"https:\/\/www.europesays.com\/ee\/wp-json\/wp\/v2\/categories?post=109917"},{"taxonomy":"post_tag","embeddable":true,"href":"https:\/\/www.europesays.com\/ee\/wp-json\/wp\/v2\/tags?post=109917"}],"curies":[{"name":"wp","href":"https:\/\/api.w.org\/{rel}","templated":true}]}}