{"id":109942,"date":"2026-02-17T10:45:07","date_gmt":"2026-02-17T10:45:07","guid":{"rendered":"https:\/\/www.europesays.com\/ee\/109942\/"},"modified":"2026-02-17T10:45:07","modified_gmt":"2026-02-17T10:45:07","slug":"teadlased-joudsid-jalile-miks-teatud-covidi-vaktsiinid-eluohtlikke-veretrombe-pohjustasid","status":"publish","type":"post","link":"https:\/\/www.europesays.com\/ee\/109942\/","title":{"rendered":"Teadlased j\u00f5udsid j\u00e4lile, miks teatud Covidi vaktsiinid eluohtlikke veretrombe p\u00f5hjustasid"},"content":{"rendered":"<p>Teadlased on l\u00f5puks leidnud vastuse k\u00fcsimusele, mis on vaevanud meditsiinimaailma juba aastaid: miks p\u00f5hjustasid m\u00f5ningad Covid-19 vaktsiinid haruldasi, kuid eluohtlikke vereh\u00fc\u00fcbeid? Austraalia teadlaste v\u00e4rske avastus mitte ainult ei selgita nende tekketeed, vaid pakub ka lahenduse, kuidas muuta tulevikus toodetavad vaktsiinid ohutumaks.<\/p>\n","protected":false},"excerpt":{"rendered":"Teadlased on l\u00f5puks leidnud vastuse k\u00fcsimusele, mis on vaevanud meditsiinimaailma juba aastaid: miks p\u00f5hjustasid m\u00f5ningad Covid-19 vaktsiinid haruldasi,&hellip;\n","protected":false},"author":2,"featured_media":109943,"comment_status":"","ping_status":"","sticky":false,"template":"","format":"standard","meta":{"footnotes":"","_share_on_mastodon":"0"},"categories":[80],"tags":[587,1553,26,27,25487,52195,37,33,35,34,36,1214,31,32,52194,21,52198,28,29,95,19,52196,25,23,24,22,20,2539,30,52197,92,93,94],"class_list":["post-109942","post","type-post","status-publish","format-standard","has-post-thumbnail","category-maailm","tag-ameerika-uhendriigid","tag-austraalia","tag-breaking-news","tag-breakingnews","tag-cdc","tag-covidi-vaktsiin","tag-ee","tag-eesti","tag-eesti-keel","tag-estonia","tag-estonian","tag-fda","tag-featured-news","tag-featurednews","tag-flindersi-ulikool","tag-headlines","tag-johnson-johnson","tag-latest-news","tag-latestnews","tag-maailm","tag-news","tag-oxford-astrazeneca","tag-populaarseimad-lood","tag-top-stories","tag-topstories","tag-uldised-uudised","tag-uudised","tag-vaktsiinid","tag-viimased-uudised","tag-vitt","tag-world","tag-world-news","tag-worldnews"],"share_on_mastodon":{"url":"","error":"Validation failed: Text character limit of 500 exceeded"},"_links":{"self":[{"href":"https:\/\/www.europesays.com\/ee\/wp-json\/wp\/v2\/posts\/109942","targetHints":{"allow":["GET"]}}],"collection":[{"href":"https:\/\/www.europesays.com\/ee\/wp-json\/wp\/v2\/posts"}],"about":[{"href":"https:\/\/www.europesays.com\/ee\/wp-json\/wp\/v2\/types\/post"}],"author":[{"embeddable":true,"href":"https:\/\/www.europesays.com\/ee\/wp-json\/wp\/v2\/users\/2"}],"replies":[{"embeddable":true,"href":"https:\/\/www.europesays.com\/ee\/wp-json\/wp\/v2\/comments?post=109942"}],"version-history":[{"count":0,"href":"https:\/\/www.europesays.com\/ee\/wp-json\/wp\/v2\/posts\/109942\/revisions"}],"wp:featuredmedia":[{"embeddable":true,"href":"https:\/\/www.europesays.com\/ee\/wp-json\/wp\/v2\/media\/109943"}],"wp:attachment":[{"href":"https:\/\/www.europesays.com\/ee\/wp-json\/wp\/v2\/media?parent=109942"}],"wp:term":[{"taxonomy":"category","embeddable":true,"href":"https:\/\/www.europesays.com\/ee\/wp-json\/wp\/v2\/categories?post=109942"},{"taxonomy":"post_tag","embeddable":true,"href":"https:\/\/www.europesays.com\/ee\/wp-json\/wp\/v2\/tags?post=109942"}],"curies":[{"name":"wp","href":"https:\/\/api.w.org\/{rel}","templated":true}]}}