{"id":109952,"date":"2026-02-17T10:56:07","date_gmt":"2026-02-17T10:56:07","guid":{"rendered":"https:\/\/www.europesays.com\/ee\/109952\/"},"modified":"2026-02-17T10:56:07","modified_gmt":"2026-02-17T10:56:07","slug":"narride-aeg-saksamaal-saab-nuud-labi","status":"publish","type":"post","link":"https:\/\/www.europesays.com\/ee\/109952\/","title":{"rendered":"Narride aeg Saksamaal saab n\u00fc\u00fcd l\u00e4bi"},"content":{"rendered":"<p class=\"MsoNormal\">Kui Veneetsia karneval imekaunite kost\u00fc\u00fcmide, maskide ja parukatega on peaaegu k\u00f5igile tuntud, siis see, et pool Saksamaad langeb veebruari teisel poolel narride k\u00e4tte, on v\u00e4hem teada. Karnevaliaeg ehk Fasching algab juba 11. novembril, kuid kulmineerub alates mustast neljap\u00e4evast (sel aastal 12. veebruar) narride \u00f6\u00f6ga (17. veebruar). Heal lapsel mitu nime: Freiburgi kandis vastavalt Schmutzige Dunnschdig ja Fastnacht. Sel ajal leiavad aset peod lastele, suured rongk\u00e4igud nii p\u00e4eval kui ka pimedas ja karnevalipeod ka t\u00e4iskasvanutele.<\/p>\n","protected":false},"excerpt":{"rendered":"Kui Veneetsia karneval imekaunite kost\u00fc\u00fcmide, maskide ja parukatega on peaaegu k\u00f5igile tuntud, siis see, et pool Saksamaad langeb&hellip;\n","protected":false},"author":2,"featured_media":109953,"comment_status":"","ping_status":"","sticky":false,"template":"","format":"standard","meta":{"footnotes":"","_share_on_mastodon":"0"},"categories":[80],"tags":[523,52206,26,27,37,33,35,34,36,52203,52204,31,32,528,21,52202,1159,52207,28,29,95,19,25,51,52200,52205,52201,23,24,27080,22,20,30,92,93,94],"class_list":["post-109952","post","type-post","status-publish","format-standard","has-post-thumbnail","category-maailm","tag-augsburg","tag-berliner","tag-breaking-news","tag-breakingnews","tag-ee","tag-eesti","tag-eesti-keel","tag-estonia","tag-estonian","tag-fasching","tag-fastnacht","tag-featured-news","tag-featurednews","tag-freiburg","tag-headlines","tag-karneval","tag-koln","tag-krapfen","tag-latest-news","tag-latestnews","tag-maailm","tag-news","tag-populaarseimad-lood","tag-saksamaa","tag-schelmenzunft","tag-schmutzige-dunnschdig","tag-staufen","tag-top-stories","tag-topstories","tag-traditsioon","tag-uldised-uudised","tag-uudised","tag-viimased-uudised","tag-world","tag-world-news","tag-worldnews"],"share_on_mastodon":{"url":"https:\/\/pubeurope.com\/@ee\/116085613136395489","error":""},"_links":{"self":[{"href":"https:\/\/www.europesays.com\/ee\/wp-json\/wp\/v2\/posts\/109952","targetHints":{"allow":["GET"]}}],"collection":[{"href":"https:\/\/www.europesays.com\/ee\/wp-json\/wp\/v2\/posts"}],"about":[{"href":"https:\/\/www.europesays.com\/ee\/wp-json\/wp\/v2\/types\/post"}],"author":[{"embeddable":true,"href":"https:\/\/www.europesays.com\/ee\/wp-json\/wp\/v2\/users\/2"}],"replies":[{"embeddable":true,"href":"https:\/\/www.europesays.com\/ee\/wp-json\/wp\/v2\/comments?post=109952"}],"version-history":[{"count":0,"href":"https:\/\/www.europesays.com\/ee\/wp-json\/wp\/v2\/posts\/109952\/revisions"}],"wp:featuredmedia":[{"embeddable":true,"href":"https:\/\/www.europesays.com\/ee\/wp-json\/wp\/v2\/media\/109953"}],"wp:attachment":[{"href":"https:\/\/www.europesays.com\/ee\/wp-json\/wp\/v2\/media?parent=109952"}],"wp:term":[{"taxonomy":"category","embeddable":true,"href":"https:\/\/www.europesays.com\/ee\/wp-json\/wp\/v2\/categories?post=109952"},{"taxonomy":"post_tag","embeddable":true,"href":"https:\/\/www.europesays.com\/ee\/wp-json\/wp\/v2\/tags?post=109952"}],"curies":[{"name":"wp","href":"https:\/\/api.w.org\/{rel}","templated":true}]}}